{"id":1050,"date":"2022-04-18T22:21:00","date_gmt":"2022-04-18T20:21:00","guid":{"rendered":"http:\/\/ospc.com.pl\/?p=1050"},"modified":"2022-04-20T22:36:31","modified_gmt":"2022-04-20T20:36:31","slug":"swiateczne-sniadanie-z-ukraina","status":"publish","type":"post","link":"https:\/\/ospc.com.pl\/index.php\/2022\/04\/18\/swiateczne-sniadanie-z-ukraina\/","title":{"rendered":"\u015awi\u0105teczne \u015bniadanie z Ukrain\u0105"},"content":{"rendered":"\n<p>Nawet na \u015bwi\u0119ta nie ustaje my\u015bl o Ukrainie &#8211; ta mocna jest szczeg\u00f3lnie tu, na Jasnej G\u00f3rze, sk\u0105d p\u0142yn\u0105 s\u0142owa modlitwy i wsparcia. Na czas Wielkanocy, ojcowie paulini postanowili wesprze\u0107 mieszka\u0144c\u00f3w Ukrainy s\u0142owem, wsparciem i&#8230; tradycj\u0105. Dlatego te\u017c na wielkanocne \u015bniadanie paulini zaprosili do Domu Pielgrzyma ukrai\u0144skie matki z dzie\u0107mi.<\/p>\n\n\n\n<figure class=\"wp-block-image size-large\"><a href=\"http:\/\/ospc.com.pl\/wp-content\/uploads\/2022\/04\/426316.jpg\"><img loading=\"lazy\" width=\"603\" height=\"452\" src=\"http:\/\/ospc.com.pl\/wp-content\/uploads\/2022\/04\/426316.jpg\" alt=\"\" class=\"wp-image-1051\"\/><\/a><figcaption>\u017arod\u0142o: Biuro Prasowe Jasnej G\u00f3ry <\/figcaption><\/figure>\n\n\n\n<p><br \/>Cytuj\u0105c s\u0142owa przeora klasztoru, ojca Samuela Pacholskiego, chcieli dzieli\u0107 z nimi wiar\u0119 w to, \u017ce B\u00f3g w Jezusie zwyci\u0119\u017cy \u015bmier\u0107, z\u0142o i cierpienie. Co wa\u017cne, w wielkanocn\u0105 niedziel\u0119 na Jasnej G\u00f3rze zabrzmia\u0142o r\u00f3wnie\u017c or\u0119dzie po ukrai\u0144sku. Odprawiono msz\u0119 \u015bwi\u0119t\u0105 w j\u0119zyku ukrai\u0144skim, a muzycznie towarzyszy\u0142 kap\u0142anom Narodowy Zesp\u00f3\u0142 Pie\u015bni i Ta\u0144ca Ukrainy z Kijowa. Zabrzmia\u0142y tradycyjne ukrai\u0144skie utwory wielkanocne. Nie zabrak\u0142o wsp\u00f3lnej modlitwy o pok\u00f3j, pie\u015bni sakralnych, w tym maryjnych, a tak\u017ce tych wykonanych w j\u0119zyku polskim. Swoj\u0105 szczeg\u00f3ln\u0105 wymow\u0119 mia\u0142a m.in. ulubiona pie\u015b\u0144 Jana Paw\u0142a II zatytu\u0142owana \u201eBarka\u201d.<\/p>\n\n\n\n<p>Warto wspomnie\u0107, \u017ce pod jasnog\u00f3rskim dachem schronienie znalaz\u0142o ju\u017c ponad 100 os\u00f3b. Po\u0142ow\u0119 tej grupy stanowi\u0105 dzieci. <\/p>\n\n\n\n<p><\/p>\n","protected":false},"excerpt":{"rendered":"<p>Nawet na \u015bwi\u0119ta nie ustaje my\u015bl o Ukrainie &#8211; ta mocna jest szczeg\u00f3lnie tu, na Jasnej G\u00f3rze, sk\u0105d p\u0142yn\u0105 s\u0142owa modlitwy i&#8230;<\/p>\n","protected":false},"author":3,"featured_media":0,"comment_status":"open","ping_status":"open","sticky":false,"template":"","format":"standard","meta":[],"categories":[4],"tags":[],"jetpack_featured_media_url":"","_links":{"self":[{"href":"https:\/\/ospc.com.pl\/index.php\/wp-json\/wp\/v2\/posts\/1050"}],"collection":[{"href":"https:\/\/ospc.com.pl\/index.php\/wp-json\/wp\/v2\/posts"}],"about":[{"href":"https:\/\/ospc.com.pl\/index.php\/wp-json\/wp\/v2\/types\/post"}],"author":[{"embeddable":true,"href":"https:\/\/ospc.com.pl\/index.php\/wp-json\/wp\/v2\/users\/3"}],"replies":[{"embeddable":true,"href":"https:\/\/ospc.com.pl\/index.php\/wp-json\/wp\/v2\/comments?post=1050"}],"version-history":[{"count":1,"href":"https:\/\/ospc.com.pl\/index.php\/wp-json\/wp\/v2\/posts\/1050\/revisions"}],"predecessor-version":[{"id":1052,"href":"https:\/\/ospc.com.pl\/index.php\/wp-json\/wp\/v2\/posts\/1050\/revisions\/1052"}],"wp:attachment":[{"href":"https:\/\/ospc.com.pl\/index.php\/wp-json\/wp\/v2\/media?parent=1050"}],"wp:term":[{"taxonomy":"category","embeddable":true,"href":"https:\/\/ospc.com.pl\/index.php\/wp-json\/wp\/v2\/categories?post=1050"},{"taxonomy":"post_tag","embeddable":true,"href":"https:\/\/ospc.com.pl\/index.php\/wp-json\/wp\/v2\/tags?post=1050"}],"curies":[{"name":"wp","href":"https:\/\/api.w.org\/{rel}","templated":true}]}}