{"id":1170,"date":"2023-04-21T15:07:53","date_gmt":"2023-04-21T13:07:53","guid":{"rendered":"http:\/\/ospc.com.pl\/?p=1170"},"modified":"2023-04-28T11:36:05","modified_gmt":"2023-04-28T09:36:05","slug":"w-dniach-5-i-11-kwietnia-2023r-obywatelskie-stowarzyszenie-przyjaciol-czestochowy-zlozylo-dwa-pisma-do-cuk-w-czestochowie-oraz-do-prezydenta-miasta-czestochowy-krzysztofa-matyjaszczyka-dotyczace-zmia","status":"publish","type":"post","link":"https:\/\/ospc.com.pl\/index.php\/2023\/04\/21\/w-dniach-5-i-11-kwietnia-2023r-obywatelskie-stowarzyszenie-przyjaciol-czestochowy-zlozylo-dwa-pisma-do-cuk-w-czestochowie-oraz-do-prezydenta-miasta-czestochowy-krzysztofa-matyjaszczyka-dotyczace-zmia\/","title":{"rendered":"Zmiany w centrum Cz\u0119stochowy"},"content":{"rendered":"\n<p>W dniach 5 i 11 kwietnia 2023r. Obywatelskie Stowarzyszenie Przyjaci\u00f3\u0142 Cz\u0119stochowy z\u0142o\u017cy\u0142o dwa pisma do CUK w Cz\u0119stochowie oraz do Prezydenta Miasta Cz\u0119stochowy Krzysztofa Matyjaszczyka dotycz\u0105ce zmian w centrum Cz\u0119stochowy, w szczeg\u00f3lno\u015bci w Al. NMP oraz Pl. Biega\u0144skiego.<\/p>\n\n\n\n<figure class=\"wp-block-image size-large\"><a href=\"http:\/\/ospc.com.pl\/wp-content\/uploads\/2023\/04\/zmiany-w-planie-organizacji-centrum-czestochowy.pdf\"><img src=\"http:\/\/ospc.com.pl\/wp-content\/uploads\/2023\/04\/zmiany-w-planie-organizacji-centrum-czestochowy.pdf\" alt=\"\" class=\"wp-image-1171\"\/><\/a><\/figure>\n\n\n\n<figure class=\"wp-block-image size-large\"><a href=\"http:\/\/ospc.com.pl\/wp-content\/uploads\/2023\/04\/zmiany-w-projekcie-zagospodarowania-Pl.-Bieganskiego.pdf\"><img src=\"http:\/\/ospc.com.pl\/wp-content\/uploads\/2023\/04\/zmiany-w-projekcie-zagospodarowania-Pl.-Bieganskiego.pdf\" alt=\"\" class=\"wp-image-1172\"\/><\/a><\/figure>\n\n\n\n<div class=\"wp-block-file\"><a href=\"http:\/\/ospc.com.pl\/wp-content\/uploads\/2023\/04\/zmiany-w-planie-organizacji-centrum-czestochowy-1.pdf\">zmiany-w-planie-organizacji-centrum-czestochowy-1<\/a><a href=\"http:\/\/ospc.com.pl\/wp-content\/uploads\/2023\/04\/zmiany-w-planie-organizacji-centrum-czestochowy-1.pdf\" class=\"wp-block-file__button\" download>Pobierz<\/a><\/div>\n\n\n\n<div class=\"wp-block-file\"><a href=\"http:\/\/ospc.com.pl\/wp-content\/uploads\/2023\/04\/zmiany-w-projekcie-zagospodarowania-Pl.-Bieganskiego-1.pdf\">zmiany-w-projekcie-zagospodarowania-Pl.-Bieganskiego-1<\/a><a href=\"http:\/\/ospc.com.pl\/wp-content\/uploads\/2023\/04\/zmiany-w-projekcie-zagospodarowania-Pl.-Bieganskiego-1.pdf\" class=\"wp-block-file__button\" download>Pobierz<\/a><\/div>\n\n\n\n<figure class=\"wp-block-image\"><img alt=\"\"\/><\/figure>\n\n\n\n\n\n<div class=\"wp-block-file\"><a href=\"http:\/\/ospc.com.pl\/wp-content\/uploads\/2023\/04\/IMiK.7226.31.2023-zagospodarowanie-centrum-Czestochowy1.doc\">IMiK.7226.31.2023 &#8211; zagospodarowanie centrum Cz\u0119stochowy(1)<\/a><a href=\"http:\/\/ospc.com.pl\/wp-content\/uploads\/2023\/04\/IMiK.7226.31.2023-zagospodarowanie-centrum-Czestochowy1.doc\" class=\"wp-block-file__button\" download>Pobierz<\/a><\/div>\n\n\n\n<figure class=\"wp-block-image size-large\"><a href=\"http:\/\/ospc.com.pl\/wp-content\/uploads\/2023\/04\/PLAC-BIEGANSKIEGO-JESIEN-scaled_767x470_acf_cropped.jpg\"><img loading=\"lazy\" width=\"767\" height=\"470\" src=\"http:\/\/ospc.com.pl\/wp-content\/uploads\/2023\/04\/PLAC-BIEGANSKIEGO-JESIEN-scaled_767x470_acf_cropped.jpg\" alt=\"\" class=\"wp-image-1179\"\/><\/a><\/figure>\n","protected":false},"excerpt":{"rendered":"<p>W dniach 5 i 11 kwietnia 2023r. Obywatelskie Stowarzyszenie Przyjaci\u00f3\u0142 Cz\u0119stochowy z\u0142o\u017cy\u0142o dwa pisma do CUK w Cz\u0119stochowie oraz do Prezydenta Miasta&#8230;<\/p>\n","protected":false},"author":3,"featured_media":0,"comment_status":"open","ping_status":"open","sticky":false,"template":"","format":"standard","meta":[],"categories":[4],"tags":[],"jetpack_featured_media_url":"","_links":{"self":[{"href":"https:\/\/ospc.com.pl\/index.php\/wp-json\/wp\/v2\/posts\/1170"}],"collection":[{"href":"https:\/\/ospc.com.pl\/index.php\/wp-json\/wp\/v2\/posts"}],"about":[{"href":"https:\/\/ospc.com.pl\/index.php\/wp-json\/wp\/v2\/types\/post"}],"author":[{"embeddable":true,"href":"https:\/\/ospc.com.pl\/index.php\/wp-json\/wp\/v2\/users\/3"}],"replies":[{"embeddable":true,"href":"https:\/\/ospc.com.pl\/index.php\/wp-json\/wp\/v2\/comments?post=1170"}],"version-history":[{"count":7,"href":"https:\/\/ospc.com.pl\/index.php\/wp-json\/wp\/v2\/posts\/1170\/revisions"}],"predecessor-version":[{"id":1186,"href":"https:\/\/ospc.com.pl\/index.php\/wp-json\/wp\/v2\/posts\/1170\/revisions\/1186"}],"wp:attachment":[{"href":"https:\/\/ospc.com.pl\/index.php\/wp-json\/wp\/v2\/media?parent=1170"}],"wp:term":[{"taxonomy":"category","embeddable":true,"href":"https:\/\/ospc.com.pl\/index.php\/wp-json\/wp\/v2\/categories?post=1170"},{"taxonomy":"post_tag","embeddable":true,"href":"https:\/\/ospc.com.pl\/index.php\/wp-json\/wp\/v2\/tags?post=1170"}],"curies":[{"name":"wp","href":"https:\/\/api.w.org\/{rel}","templated":true}]}}