{"id":1199,"date":"2024-08-03T02:38:16","date_gmt":"2024-08-03T00:38:16","guid":{"rendered":"http:\/\/ospc.com.pl\/?p=1199"},"modified":"2024-08-03T02:39:55","modified_gmt":"2024-08-03T00:39:55","slug":"co-dalej-ze-sprawa-kamilka","status":"publish","type":"post","link":"https:\/\/ospc.com.pl\/index.php\/2024\/08\/03\/co-dalej-ze-sprawa-kamilka\/","title":{"rendered":"Co dalej ze spraw\u0105 Kamilka?"},"content":{"rendered":"\n<p>To pytanie zadaj\u0105 sobie wszyscy, kt\u00f3rzy s\u0142yszeli o g\u0142o\u015bnej sprawie Kamilka z Cz\u0119stochowy. A nie ma chyba osoby, kt\u00f3ra by nie s\u0142ysza\u0142a&#8230; To historia, kt\u00f3ra wstrz\u0105sn\u0119\u0142a ca\u0142\u0105 Polsk\u0105 i&#8230; wstrz\u0105sa do dzi\u015b. Tym bardziej, \u017ce ma swoje, oby w przysz\u0142o\u015bci pozytywne, skutki.  Chodzi mi\u0119dzy innymi o ustaw\u0119 lex Kamilek, kt\u00f3ra wchodzi w \u017cycie. <\/p>\n\n\n\n<p>Niedawno Prokuratura Regionalna z Gda\u0144ska, kt\u00f3ra zajmowa\u0142a si\u0119 spraw\u0105 Kamilka od czerwca zesz\u0142ego roku, poinformowa\u0142a o rozwi\u0105zaniu zespo\u0142u \u015bledczego. Na szcz\u0119\u015bcie nie oznacza to ko\u0144ca sprawy. Dalszym dochodzeniem maj\u0105 zaj\u0105\u0107 si\u0119 inni prokuratorzy referenci. Przypomnijmy, \u017ce tocz\u0105 si\u0119 dwa \u015bledztwa, jedno w sprawie zab\u00f3jstwa o\u015bmiolatka, drugie dotycz\u0105ce podejrzenia niedope\u0142nienia obowi\u0105zk\u00f3w s\u0142u\u017cbowych w dzia\u0142aniach instytucji zobowi\u0105zanych do nadzoru nad rodzin\u0105 dziecka. Zmiana zespo\u0142u \u015bledczego nie oznacza ich zako\u0144czenia. Opiekunowie Kamila pozostaj\u0105 w areszcie.<\/p>\n\n\n\n<p>W mi\u0119dzyczasie, w \u017cycie wesz\u0142a tak zwana ustawa Kamilka. W skr\u00f3cie, to okre\u015blone nowe standardy w funkcjonowaniu plac\u00f3wek i instytucji zajmuj\u0105cych si\u0119 opiek\u0105 nad dzie\u0107mi. Ka\u017cdy podmiot, kt\u00f3ry zajmuje si\u0119 lub b\u0119dzie zajmowa\u0107 si\u0119 prac\u0105 z dzie\u0107mi jest zobowi\u0105zany do wdro\u017cenia kilku zasad. <\/p>\n\n\n\n<p>Zgodnie z informacj\u0105, jak\u0105 przekaza\u0142o Biuro Rzecznika Praw Dziecka, chodzi o standardy ochrony ma\u0142oletnich we wszystkich plac\u00f3wkach, gdzie przebywaj\u0105 dzieci. To przede wszystkim obowi\u0105zek<br \/>wys\u0142uchania dziecka \u2013 \u017ceby g\u0142os dziecka by\u0142 s\u0142yszany i rozumiany w s\u0105dach. Wa\u017cny b\u0119dzie tak\u017ce kwestionariusz oceny bezpiecze\u0144stwa dziecka, kt\u00f3ry pomo\u017ce policjantom, pracownikom socjalnym oraz pracownikom ochrony zdrowia oceni\u0107, czy zdrowie i \u017cycie dziecka jest zagro\u017cone. Do tego skrupulatna<br \/>analiza powa\u017cnych i \u015bmiertelnych przypadk\u00f3w krzywdzenia dzieci, by zapobiec kolejnym tragediom. <\/p>\n\n\n\n<p>Jak podaje Rzecznik Praw Dziecka, nowelizacja zmienia m.in. przepisy dotycz\u0105ce wys\u0142uchania dziecka przez s\u0105d. Ustawa reguluje prawo tak, by dziecko przed s\u0105dem mia\u0142o swojego reprezentanta. W sytuacji je\u015bli opiekun lub rodzic nie mo\u017ce podj\u0105\u0107 si\u0119 tej funkcji, rol\u0119 t\u0119 mog\u0105 pe\u0142ni\u0107 adwokaci i radcy prawni. <\/p>\n\n\n\n<p>Nowe przepisy wprowadzaj\u0105 tak\u017ce obowi\u0105zek dla s\u0119dzi\u00f3w, kt\u00f3rzy orzekaj\u0105 w sprawach z zakresu prawa rodzinnego i opieku\u0144czego, by brali udzia\u0142 w specjalistycznych szkoleniach i uczyli si\u0119 lepiej dba\u0107 o dobro dziecka w sytuacji sporu mi\u0119dzy rodzicami albo opiekunami oraz wiedzieli, jak rozpoznawa\u0107, czy dziecko do\u015bwiadcza przemocy. Sama wiedza prawnicza jest niewystarczaj\u0105ca do tego, by takie sprawy prowadzi\u0107 i potrzebne s\u0105 tak\u017ce kompetencje z zakresu psychologii, psychiatrii czy pedagogiki.<\/p>\n\n\n\n<p>Z danych, kt\u00f3re mo\u017cna odnale\u017a\u0107 w Internecie, jak tych z Fundacji Dajemy Dzieciom Si\u0142\u0119 wynika, \u017ce co roku w Polsce stwierdza si\u0119 prawie cztery tysi\u0105ce przest\u0119pstw fizycznego i psychicznego zn\u0119cania si\u0119 nad dzie\u0107mi. Czterdzie\u015bci procent dzieci przyznaje, \u017ce do\u015bwiadczy\u0142o przemocy ze strony bliskich im doros\u0142ych. Tylko w  2023 roku, ponad siedemna\u015bcie tysi\u0119cy dzieci  by\u0142o ofiarami przemocy domowej. dozna\u0142o przemocy domowej. <\/p>\n\n\n\n<p>To dane, kt\u00f3re&#8230; daj\u0105 do my\u015blenia. Instytucje i plac\u00f3wki zajmuj\u0105ce si\u0119 prac\u0105 z dzie\u0107mi, opiek\u0105 i kontaktem z nimi, do 15 sierpnia bie\u017c\u0105cego roku musz\u0105 wprowadzi\u0107 szereg zmian wynikaj\u0105cych z lex Kamilek. Je\u015bli ustawa nie pozostanie jedynie ustaw\u0105 na papierze, jest szansa, \u017ce liczby te zmienimy, przynajmniej odrobin\u0119. Zmiany zale\u017c\u0105 od nas. Reagujmy.<\/p>\n","protected":false},"excerpt":{"rendered":"<p>To pytanie zadaj\u0105 sobie wszyscy, kt\u00f3rzy s\u0142yszeli o g\u0142o\u015bnej sprawie Kamilka z Cz\u0119stochowy. A nie ma chyba osoby, kt\u00f3ra by nie s\u0142ysza\u0142a&#8230;&#8230;<\/p>\n","protected":false},"author":3,"featured_media":1200,"comment_status":"open","ping_status":"open","sticky":false,"template":"","format":"standard","meta":[],"categories":[13],"tags":[],"jetpack_featured_media_url":"https:\/\/ospc.com.pl\/wp-content\/uploads\/2024\/08\/vitolda-klein-buCxrpmH3FI-unsplash-scaled.jpg","_links":{"self":[{"href":"https:\/\/ospc.com.pl\/index.php\/wp-json\/wp\/v2\/posts\/1199"}],"collection":[{"href":"https:\/\/ospc.com.pl\/index.php\/wp-json\/wp\/v2\/posts"}],"about":[{"href":"https:\/\/ospc.com.pl\/index.php\/wp-json\/wp\/v2\/types\/post"}],"author":[{"embeddable":true,"href":"https:\/\/ospc.com.pl\/index.php\/wp-json\/wp\/v2\/users\/3"}],"replies":[{"embeddable":true,"href":"https:\/\/ospc.com.pl\/index.php\/wp-json\/wp\/v2\/comments?post=1199"}],"version-history":[{"count":2,"href":"https:\/\/ospc.com.pl\/index.php\/wp-json\/wp\/v2\/posts\/1199\/revisions"}],"predecessor-version":[{"id":1202,"href":"https:\/\/ospc.com.pl\/index.php\/wp-json\/wp\/v2\/posts\/1199\/revisions\/1202"}],"wp:featuredmedia":[{"embeddable":true,"href":"https:\/\/ospc.com.pl\/index.php\/wp-json\/wp\/v2\/media\/1200"}],"wp:attachment":[{"href":"https:\/\/ospc.com.pl\/index.php\/wp-json\/wp\/v2\/media?parent=1199"}],"wp:term":[{"taxonomy":"category","embeddable":true,"href":"https:\/\/ospc.com.pl\/index.php\/wp-json\/wp\/v2\/categories?post=1199"},{"taxonomy":"post_tag","embeddable":true,"href":"https:\/\/ospc.com.pl\/index.php\/wp-json\/wp\/v2\/tags?post=1199"}],"curies":[{"name":"wp","href":"https:\/\/api.w.org\/{rel}","templated":true}]}}