{"id":1207,"date":"2024-08-15T13:12:00","date_gmt":"2024-08-15T11:12:00","guid":{"rendered":"http:\/\/ospc.com.pl\/?p=1207"},"modified":"2024-08-17T02:19:12","modified_gmt":"2024-08-17T00:19:12","slug":"pierwszy-szczyt-pielgrzymkowy-w-czestochowie","status":"publish","type":"post","link":"https:\/\/ospc.com.pl\/index.php\/2024\/08\/15\/pierwszy-szczyt-pielgrzymkowy-w-czestochowie\/","title":{"rendered":"Pierwszy szczyt pielgrzymkowy w Cz\u0119stochowie"},"content":{"rendered":"\n<p>Nasze miasto jak co roku by\u0142o gospodarzem pielgrzym\u00f3w, kt\u00f3rzy od kilku dni byli w drodze na Jasn\u0105 G\u00f3r\u0119. Za nami pierwszy szczyt pielgrzymkowy. P\u0105tnicy zmierzali prosto na obchody \u015bwi\u0119ta Wniebowzi\u0119cia Naj\u015bwi\u0119tszej Maryi Panny, kt\u00f3re przypada 15 sierpnia. <\/p>\n\n\n\n<p>Zgodnie z szacunkami Biura Prasowego Jasnej G\u00f3ry, pod szczytem zebra\u0142o si\u0119 dzi\u015b ponad pi\u0119\u0107dziesi\u0105t tysi\u0119cy pielgrzym\u00f3w, ale bior\u0105c pod uwag\u0119 tak\u017ce pozosta\u0142ych przyby\u0142ych, mo\u017cna pokusi\u0107 si\u0119 o stwierdzenie, \u017ce wszystkich os\u00f3b by\u0142o dwa razy wi\u0119cej. <\/p>\n\n\n\n<p>Jak podkre\u015blali ojcowie paulini, frekwencja poprawia si\u0119. Czasy pandemii Jasna G\u00f3ra ma ju\u017c za sob\u0105, a na p\u0105tniczy szlak wracaj\u0105 grupy, kt\u00f3re przez ostatnie lata w og\u00f3le nie pojawia\u0142y si\u0119 w Cz\u0119stochowie. Pielgrzymi wybieraj\u0105 r\u00f3\u017cne formy docierania do naszego miasta &#8211; przychodz\u0105 pieszo zgodnie z tradycj\u0105, cz\u0119sto te\u017c przyje\u017cd\u017caj\u0105 samochodami, wbiegaj\u0105 lub przyje\u017cd\u017caj\u0105 na rowerach. Coraz cz\u0119\u015bciej te\u017c zak\u0142adaj\u0105 na nogi&#8230; rolki i to w nich pokonuj\u0105 setki kilometr\u00f3w. A przybywaj\u0105 z ca\u0142ej Polski. <\/p>\n\n\n\n<p>Przed po\u0142udniem podczas uroczystej sumy pontyfikalnej modli\u0142y si\u0119 wszystkie grupy. Jedn\u0105 z ostatnich docieraj\u0105cych pod szczyt by\u0142a pielgrzymka warszawska, znana jako jedna z najliczniejszych. Kolejny szczyt pielgrzymkowy pod Jasn\u0105 G\u00f3r\u0105 ju\u017c 26 sierpnia. W kalendarzu jasnog\u00f3rskim odb\u0119d\u0105 si\u0119 tego dnia uroczysto\u015bci odpustowe, potocznie zwane Imieninami Maryi. <\/p>\n","protected":false},"excerpt":{"rendered":"<p>Nasze miasto jak co roku by\u0142o gospodarzem pielgrzym\u00f3w, kt\u00f3rzy od kilku dni byli w drodze na Jasn\u0105 G\u00f3r\u0119. Za nami pierwszy szczyt&#8230;<\/p>\n","protected":false},"author":3,"featured_media":1210,"comment_status":"open","ping_status":"open","sticky":false,"template":"","format":"standard","meta":[],"categories":[4],"tags":[],"jetpack_featured_media_url":"https:\/\/ospc.com.pl\/wp-content\/uploads\/2024\/08\/453817382_2327818524055096_4691294387818781681_n.jpg","_links":{"self":[{"href":"https:\/\/ospc.com.pl\/index.php\/wp-json\/wp\/v2\/posts\/1207"}],"collection":[{"href":"https:\/\/ospc.com.pl\/index.php\/wp-json\/wp\/v2\/posts"}],"about":[{"href":"https:\/\/ospc.com.pl\/index.php\/wp-json\/wp\/v2\/types\/post"}],"author":[{"embeddable":true,"href":"https:\/\/ospc.com.pl\/index.php\/wp-json\/wp\/v2\/users\/3"}],"replies":[{"embeddable":true,"href":"https:\/\/ospc.com.pl\/index.php\/wp-json\/wp\/v2\/comments?post=1207"}],"version-history":[{"count":1,"href":"https:\/\/ospc.com.pl\/index.php\/wp-json\/wp\/v2\/posts\/1207\/revisions"}],"predecessor-version":[{"id":1209,"href":"https:\/\/ospc.com.pl\/index.php\/wp-json\/wp\/v2\/posts\/1207\/revisions\/1209"}],"wp:featuredmedia":[{"embeddable":true,"href":"https:\/\/ospc.com.pl\/index.php\/wp-json\/wp\/v2\/media\/1210"}],"wp:attachment":[{"href":"https:\/\/ospc.com.pl\/index.php\/wp-json\/wp\/v2\/media?parent=1207"}],"wp:term":[{"taxonomy":"category","embeddable":true,"href":"https:\/\/ospc.com.pl\/index.php\/wp-json\/wp\/v2\/categories?post=1207"},{"taxonomy":"post_tag","embeddable":true,"href":"https:\/\/ospc.com.pl\/index.php\/wp-json\/wp\/v2\/tags?post=1207"}],"curies":[{"name":"wp","href":"https:\/\/api.w.org\/{rel}","templated":true}]}}