{"id":1211,"date":"2024-08-16T02:13:00","date_gmt":"2024-08-16T00:13:00","guid":{"rendered":"http:\/\/ospc.com.pl\/?p=1211"},"modified":"2024-08-17T02:19:38","modified_gmt":"2024-08-17T00:19:38","slug":"koszmar-w-tadzykistanie-pomoc-dla-klaudii-ktora-walczy-o-powrot-do-zdrowia","status":"publish","type":"post","link":"https:\/\/ospc.com.pl\/index.php\/2024\/08\/16\/koszmar-w-tadzykistanie-pomoc-dla-klaudii-ktora-walczy-o-powrot-do-zdrowia\/","title":{"rendered":"Koszmar w Tad\u017cykistanie: pomoc dla Klaudii, kt\u00f3ra walczy o powr\u00f3t do zdrowia"},"content":{"rendered":"\n<p>Informacja o tym zdarzeniu obieg\u0142a media w ca\u0142ej Polsce. W dalekim i dzikim wci\u0105\u017c Tad\u017cykistanie m\u0142oda Polka walczy\u0142a o \u017cycie. Dzi\u015b jest ju\u017c pod opiek\u0105 lekarzy z Sosnowca, ale pierwsze chwile by\u0142y dramatyczne. Teraz Klaudia z K\u0142obucka walczy o powr\u00f3t do zdrowia. <\/p>\n\n\n\n<p>Wspominamy o tej historii, bo to, co mia\u0142o by\u0107 spe\u0142nieniem marze\u0144, sta\u0142o si\u0119 najgorszym koszmarem. 24-letnia Klaudia marzy\u0142a o wyprawie do Tad\u017cykistanu. Wraz ze swoim wujkiem wybra\u0142a si\u0119 w g\u00f3ry tego dzikiego regionu tego lata. Wynaj\u0119li samoch\u00f3d wraz z kierowc\u0105, kt\u00f3rym mieli dosta\u0107 si\u0119 z pasma g\u00f3rskiego na d\u00f3\u0142, do miasta. Nie dojechali&#8230;. Samoch\u00f3d stoczy\u0142 si\u0119 ze skarpy, kilkukrotnie dachuj\u0105c. Polacy utkn\u0119li w g\u00f3rach poturbowani i ranni. O szybk\u0105 i skuteczn\u0105 pomoc by\u0142o bardzo trudno. Miejsce niemal odci\u0119te od \u015bwiata, bez Internetu, nie by\u0142o \u0142atw\u0105 lokalizacj\u0105. Dodatkowym problemem by\u0142 fakt, \u017ce ubezpieczenie turystyczne nie pokrywa\u0142o transportu do kraju. <\/p>\n\n\n\n<p>Kiedy w Polsce o wypadku dowiedzia\u0142a rodzina Klaudii, zacz\u0119li dzia\u0142a\u0107. Pomoc zacz\u0119li organizowa\u0107 wraz z pracodawcami Klaudii, a tak\u017ce lokalnymi pos\u0142ami. Poruszono nawet s\u0142u\u017cby dyplomatyczne. W akcj\u0119 sprowadzenia dziewczyny do Polski zaanga\u017cowa\u0142o si\u0119 Ministerstwo Spraw Zagranicznych oraz Obrony Narodowej. <\/p>\n\n\n\n<p>Najpierw uda\u0142o si\u0119 zorganizowa\u0107 \u015bmig\u0142owiec, kt\u00f3rym ranni Polacy zostali przetransportowani do szpitala w stolicy Tad\u017cykistanu, Duszanbe. P\u00f3\u017aniej medyczny samolot zabra\u0142 turyst\u00f3w do Pyrzowic. Stamt\u0105d zostali przetransportowani do szpitala w Sosnowcu, gdzie czekali ju\u017c na nich lekarze. W mi\u0119dzyczasie r\u00f3wnie\u017c ubezpieczyciel zadeklarowa\u0142, \u017ce zwr\u00f3ci koszty przelotu. <\/p>\n\n\n\n<p>Klaudia wraz z wujkiem wr\u00f3ci\u0142a do kraju. Pieni\u0105dze ze zbi\u00f3rki, kt\u00f3re mia\u0142y pokry\u0107 wysokie koszty transportu do kraju, s\u0105 teraz \u015brodkami na leczenie dziewczyny. Jak wynika z bada\u0144 przeprowadzonych przez sosnowieckich lekarzy, 24-latka ma sporo z\u0142ama\u0144, dozna\u0142a urazu czaszkowo-kr\u0119gowego, wstrz\u0105su m\u00f3zgu. Lekarze stwierdzili tak\u017ce zamkni\u0119te kompresyjne wielood\u0142amaniowe z\u0142amanie trzonu \u00f3smego kr\u0119gu piersiowego z uciskiem rdzenia kr\u0119gowego oraz wstrz\u0105s kr\u0119gos\u0142upa pierwszego stopnia. Zbi\u00f3rka wci\u0105\u017c trwa. <\/p>\n\n\n\n<figure class=\"wp-block-embed\"><div class=\"wp-block-embed__wrapper\">\nhttps:\/\/zrzutka.pl\/gjzkbp\n<\/div><\/figure>\n","protected":false},"excerpt":{"rendered":"<p>Informacja o tym zdarzeniu obieg\u0142a media w ca\u0142ej Polsce. W dalekim i dzikim wci\u0105\u017c Tad\u017cykistanie m\u0142oda Polka walczy\u0142a o \u017cycie. Dzi\u015b jest&#8230;<\/p>\n","protected":false},"author":3,"featured_media":1212,"comment_status":"open","ping_status":"open","sticky":false,"template":"","format":"standard","meta":[],"categories":[13],"tags":[],"jetpack_featured_media_url":"https:\/\/ospc.com.pl\/wp-content\/uploads\/2024\/08\/51e775aba6a601c3697152be24206779.jpg","_links":{"self":[{"href":"https:\/\/ospc.com.pl\/index.php\/wp-json\/wp\/v2\/posts\/1211"}],"collection":[{"href":"https:\/\/ospc.com.pl\/index.php\/wp-json\/wp\/v2\/posts"}],"about":[{"href":"https:\/\/ospc.com.pl\/index.php\/wp-json\/wp\/v2\/types\/post"}],"author":[{"embeddable":true,"href":"https:\/\/ospc.com.pl\/index.php\/wp-json\/wp\/v2\/users\/3"}],"replies":[{"embeddable":true,"href":"https:\/\/ospc.com.pl\/index.php\/wp-json\/wp\/v2\/comments?post=1211"}],"version-history":[{"count":2,"href":"https:\/\/ospc.com.pl\/index.php\/wp-json\/wp\/v2\/posts\/1211\/revisions"}],"predecessor-version":[{"id":1214,"href":"https:\/\/ospc.com.pl\/index.php\/wp-json\/wp\/v2\/posts\/1211\/revisions\/1214"}],"wp:featuredmedia":[{"embeddable":true,"href":"https:\/\/ospc.com.pl\/index.php\/wp-json\/wp\/v2\/media\/1212"}],"wp:attachment":[{"href":"https:\/\/ospc.com.pl\/index.php\/wp-json\/wp\/v2\/media?parent=1211"}],"wp:term":[{"taxonomy":"category","embeddable":true,"href":"https:\/\/ospc.com.pl\/index.php\/wp-json\/wp\/v2\/categories?post=1211"},{"taxonomy":"post_tag","embeddable":true,"href":"https:\/\/ospc.com.pl\/index.php\/wp-json\/wp\/v2\/tags?post=1211"}],"curies":[{"name":"wp","href":"https:\/\/api.w.org\/{rel}","templated":true}]}}