{"id":1215,"date":"2024-08-23T00:44:00","date_gmt":"2024-08-22T22:44:00","guid":{"rendered":"http:\/\/ospc.com.pl\/?p=1215"},"modified":"2024-08-30T00:52:04","modified_gmt":"2024-08-29T22:52:04","slug":"nowe-ulice-pojawia-sie-w-czestochowie","status":"publish","type":"post","link":"https:\/\/ospc.com.pl\/index.php\/2024\/08\/23\/nowe-ulice-pojawia-sie-w-czestochowie\/","title":{"rendered":"Nowe ulice pojawi\u0105 si\u0119 w Cz\u0119stochowie"},"content":{"rendered":"\n<p>To ju\u017c pewne &#8211; na mapie Cz\u0119stochowy pojawi\u0105 si\u0119 dwie nowe ulice. I o ile, nie b\u0119d\u0105 one budowane od podstaw, to jednak w takiej formie pojawi\u0105 si\u0119 w mie\u015bcie po raz pierwszy. Mowa o ich nazewnictwie. W\u0142a\u015bnie wybrane zosta\u0142y nazwy dw\u00f3ch dr\u00f3g, kt\u00f3re zyskaj\u0105 swoj\u0105 now\u0105 to\u017csamo\u015b\u0107. <\/p>\n\n\n\n<p>Mowa o dw\u00f3ch ulicach: Magicznej oraz Krzysztofa Komedy. I o ile ta pierwsza nie budzi zbyt wielu emocji, cho\u0107 z pewno\u015bci\u0105 jest w niej pewien czar, to w\u0142a\u015bnie ta druga elektryzuje serca mieszka\u0144c\u00f3w tak jak do dzi\u015b ogrzewa serca nie tylko cz\u0119stochowian muzyka Komedy. <\/p>\n\n\n\n<p>Podczas sesji rady miasta, radni nadali nazwy drogom na Grab\u00f3wce, to w\u0142a\u015bnie tutaj osiedli si\u0119 na tabliczce Krzysztof Komeda oraz w dzielnicy Gnaszyn &#8211; Kawodrza, gdzie znajdowa\u0107 si\u0119 b\u0119dzie ta Magiczna ulica. <\/p>\n\n\n\n<p>Co sprawi\u0142o, \u017ce w\u015br\u00f3d wielu ulic Cz\u0119stochowy, jedna z nich b\u0119dzie nosi\u0142a imi\u0119 polskiego, genialnego kompozytora i jazzmana? To propozycja Polskiego Stowarzyszenia Jazzu Tradycyjnego. Jego w\u0142odarze postarali si\u0119, by sugestia szybko znalaz\u0142a si\u0119 na biurku Miejskiego Zarz\u0105du Dr\u00f3g i Transportu. Pomys\u0142 tak bardzo si\u0119 spodoba\u0142, \u017ce nie by\u0142o \u017cadnych w\u0105tpliwo\u015bci, by Komeda zago\u015bci\u0142 na sta\u0142e w Cz\u0119stochowie, tak jak zreszt\u0105 to uczyni\u0142 w m\u0142odo\u015bci, kiedy jako m\u0142ody ch\u0142opak przyjecha\u0142 do naszego miasta, by pobiera\u0107 lekcje gry na fortepianie. Tak, mo\u017cna uzna\u0107, \u017ce to w\u0142a\u015bnie tutaj narodzi\u0142 si\u0119 talent Krzysztofa Trzci\u0144skiego, znanego dzi\u015b jako Krzysztof Komeda, i co wa\u017cniejsze, jako pionier jazzu nowoczesnego. Tym imieniem nazwana b\u0119dzie droga gminna, kt\u00f3ra jest boczn\u0105 od Wiolinowej. To region mocno muzyczny, wi\u0119c i wspomnianemu jazzmanowi powinien si\u0119 spodoba\u0107. Obok s\u0105siedztwo mi\u0119dzy innymi Jana Kiepury. <\/p>\n\n\n\n<p>Przenosz\u0105c si\u0119 do Gnaszyna &#8211; Kawodrzy, mija\u0107 b\u0119dziemy nied\u0142ugo ulic\u0119 Magiczn\u0105. To pomys\u0142 w\u0142a\u015bcicieli tamtejszych dzia\u0142ek, kt\u00f3rzy pomys\u0142 zg\u0142osili do MZD, a niejaki Zesp\u00f3\u0142 ds. Nazewnictwa Obiekt\u00f3w Miejskich,  przychyli\u0142 si\u0119 do ich za\u0142o\u017cenia. Jak argumentowa\u0142, wa\u017cny by\u0142 sam klucz tematyczny, kt\u00f3ry wyst\u0119puje w okolicy. W pobli\u017cu nowej drogi znale\u017a\u0107 mo\u017cemy same czaruj\u0105ce ulice: Bajeczn\u0105, Ba\u015bniow\u0105 czy Legendy.  Wkr\u00f3tce b\u0119dzie tam te\u017c ulica Magiczna i mamy nadziej\u0119, \u017ce zaczaruje wszystkich mieszka\u0144c\u00f3w okolicy. <\/p>\n\n\n\n<p>A poni\u017cej mapka, z kt\u00f3rej wynika jak b\u0119dzie wygl\u0105da\u0107 po\u0142o\u017cenie nowych ulic: <\/p>\n\n\n\n<figure class=\"wp-block-image size-large\"><a href=\"http:\/\/ospc.com.pl\/wp-content\/uploads\/2024\/08\/map1.jpg\"><img loading=\"lazy\" width=\"791\" height=\"673\" src=\"http:\/\/ospc.com.pl\/wp-content\/uploads\/2024\/08\/map1.jpg\" alt=\"\" class=\"wp-image-1217\"\/><\/a><\/figure>\n\n\n\n<figure class=\"wp-block-image size-large\"><a href=\"http:\/\/ospc.com.pl\/wp-content\/uploads\/2024\/08\/map2.jpg\"><img loading=\"lazy\" width=\"844\" height=\"702\" src=\"http:\/\/ospc.com.pl\/wp-content\/uploads\/2024\/08\/map2.jpg\" alt=\"\" class=\"wp-image-1218\"\/><\/a><\/figure>\n\n\n\n<p>fot. UM Cz\u0119stochowy<\/p>\n","protected":false},"excerpt":{"rendered":"<p>To ju\u017c pewne &#8211; na mapie Cz\u0119stochowy pojawi\u0105 si\u0119 dwie nowe ulice. I o ile, nie b\u0119d\u0105 one budowane od podstaw, to&#8230;<\/p>\n","protected":false},"author":3,"featured_media":1216,"comment_status":"open","ping_status":"open","sticky":false,"template":"","format":"standard","meta":[],"categories":[4],"tags":[],"jetpack_featured_media_url":"https:\/\/ospc.com.pl\/wp-content\/uploads\/2024\/08\/map11.jpg","_links":{"self":[{"href":"https:\/\/ospc.com.pl\/index.php\/wp-json\/wp\/v2\/posts\/1215"}],"collection":[{"href":"https:\/\/ospc.com.pl\/index.php\/wp-json\/wp\/v2\/posts"}],"about":[{"href":"https:\/\/ospc.com.pl\/index.php\/wp-json\/wp\/v2\/types\/post"}],"author":[{"embeddable":true,"href":"https:\/\/ospc.com.pl\/index.php\/wp-json\/wp\/v2\/users\/3"}],"replies":[{"embeddable":true,"href":"https:\/\/ospc.com.pl\/index.php\/wp-json\/wp\/v2\/comments?post=1215"}],"version-history":[{"count":1,"href":"https:\/\/ospc.com.pl\/index.php\/wp-json\/wp\/v2\/posts\/1215\/revisions"}],"predecessor-version":[{"id":1219,"href":"https:\/\/ospc.com.pl\/index.php\/wp-json\/wp\/v2\/posts\/1215\/revisions\/1219"}],"wp:featuredmedia":[{"embeddable":true,"href":"https:\/\/ospc.com.pl\/index.php\/wp-json\/wp\/v2\/media\/1216"}],"wp:attachment":[{"href":"https:\/\/ospc.com.pl\/index.php\/wp-json\/wp\/v2\/media?parent=1215"}],"wp:term":[{"taxonomy":"category","embeddable":true,"href":"https:\/\/ospc.com.pl\/index.php\/wp-json\/wp\/v2\/categories?post=1215"},{"taxonomy":"post_tag","embeddable":true,"href":"https:\/\/ospc.com.pl\/index.php\/wp-json\/wp\/v2\/tags?post=1215"}],"curies":[{"name":"wp","href":"https:\/\/api.w.org\/{rel}","templated":true}]}}