{"id":1237,"date":"2024-10-29T01:31:00","date_gmt":"2024-10-29T00:31:00","guid":{"rendered":"http:\/\/ospc.com.pl\/?p=1237"},"modified":"2024-10-30T01:54:37","modified_gmt":"2024-10-30T00:54:37","slug":"zamieszkaj-na-parkingu-zart-czy-fakt","status":"publish","type":"post","link":"https:\/\/ospc.com.pl\/index.php\/2024\/10\/29\/zamieszkaj-na-parkingu-zart-czy-fakt\/","title":{"rendered":"Zamieszkaj na&#8230; parkingu? \u017bart czy fakt?"},"content":{"rendered":"\n<p>Brzmi niedorzecznie, ale to nie \u017cart. Wkr\u00f3tce b\u0119dzie mo\u017cna w Cz\u0119stochowie zamieszka\u0107 na&#8230; parkingu. A precyzyjniej&#8230; w miejscu parkingu. Pojawi\u0142 si\u0119 bowiem pomys\u0142, kt\u00f3ry ju\u017c nied\u0142ugo mo\u017ce faktycznie zosta\u0107 zrealizowany. <\/p>\n\n\n\n<p>Chodzi o parking przed centrum handlowym M1 w Cz\u0119stochowie. Najstarsze takie centrum w naszym mie\u015bcie znajduje si\u0119 na granicy dzielnic: P\u00f3\u0142nocy, Tysi\u0105clecia i Kiedrzyna, ale jest punktem, w kt\u00f3rym zakupy robi\u0105 mieszka\u0144cy z ca\u0142ego miasta. Jego obszerny parking, zazwyczaj wype\u0142niony samochodami, teraz ma si\u0119 sta\u0107 przestrzeni\u0105 dla deweloper\u00f3w. Jak to mo\u017cliwe?<\/p>\n\n\n\n<p>Inwestor, czyli obecny w\u0142a\u015bciciel centrum handlowego M1, piastuj\u0105cy to stanowisko od maja tego roku, wpad\u0142 na pomys\u0142 wykorzystania tej cz\u0119\u015bci parkingu, kt\u00f3ra zazwyczaj jest pusta. Chodzi o odcinek, na kt\u00f3rym obecnie znajduje si\u0119 mi\u0119dzy innymi tor kartingowy, a w sezonie letnim organizowane s\u0105 tak\u017ce plenerowe imprezy. Nierzadko w\u0142a\u015bnie tam rozstawia si\u0119 tak\u017ce weso\u0142e miasteczko, czy inne atrakcje dla najm\u0142odszych. W\u0142a\u015bciciel uzna\u0142 jednak, \u017ce wi\u0119cej po\u017cytku przyniesie w tym miejscu&#8230; osiedle mieszkaniowe. <\/p>\n\n\n\n<p>I tak od s\u0142\u00f3w do czyn\u00f3w. Biuro projektowe wzi\u0119\u0142o si\u0119 do roboty. Pojawi\u0142 si\u0119 nawet wst\u0119pny plan umiejscowienia nowych blok\u00f3w, a wraz z nim wniosek do Urz\u0119du Miasta o zmian\u0119 planu zagospodarowania przestrzeni. Na Sesji Rady Miasta podj\u0119to temat i tak radni przeg\u0142osowali uchwa\u0142\u0119 zmiany. Wi\u0119kszo\u015b\u0107 by\u0142a za. I cho\u0107 temat wywo\u0142a\u0142 dyskusj\u0119, sprawa wyda\u0142a si\u0119 przes\u0105dzona. Obecny plan zak\u0142ada, \u017ce w miejscu parkingu mog\u0105 pojawi\u0107 si\u0119 zabudowania mieszkaniowe. <\/p>\n\n\n\n<p>Pytani o zdanie mieszka\u0144cy niemal jednog\u0142o\u015bnie wyra\u017caj\u0105 zaskoczenie, oburzenie lub po prostu&#8230; nie dowierzaj\u0105. Pomys\u0142 wydaje im si\u0119 irracjonalny. S\u0105 jednak i tacy, kt\u00f3rzy widz\u0105 w nim szans\u0119 na rozw\u00f3j miasta i dodatkow\u0105 klientel\u0119 dla centrum M1. W\u015br\u00f3d nich s\u0105 oczywi\u015bcie inwestor oraz miasto. <\/p>\n\n\n\n<p>W\u0142odarze miasta podkre\u015blaj\u0105, \u017ce temat blok\u00f3w w miejscu parkingu pojawi\u0142 si\u0119 ju\u017c dwa lata temu. Mia\u0142y by\u0107 nawet organizowane w tym celu spotkania, w tym jedno z mieszka\u0144cami&#8230; Jak twierdzi miasto, pojawi\u0142a si\u0119 na nim jedna osoba i nikt nie zg\u0142asza\u0142 sprzeciwu. <\/p>\n\n\n\n<p>Z naszej szybkiej sondy na mie\u015bcie wynika, \u017ce mieszka\u0144cy w og\u00f3le nie wiedzieli o takim pomy\u015ble, nie m\u00f3wi\u0105c o jakichkolwiek konsultacjach spo\u0142ecznych. Takiego samego zdania jest Rada Dzielnicy P\u00f3\u0142noc, kt\u00f3ra jest przeciw temu projektowi i podkre\u015bla, \u017ce nie wie, czym b\u0119dzie \u00f3w projekt. Nikt nie zapyta\u0142 ich o opini\u0119, nikt te\u017c nie wyrazi\u0142 ch\u0119ci rozmowy. Cz\u0142onkowie zadeklarowali, \u017ce temat podejm\u0105 i sami zainicjuj\u0105 dyskusj\u0119 w tej sprawie. <\/p>\n\n\n\n<p>W mi\u0119dzyczasie Prokuratura Krajowa zatrzyma\u0142a wiceprezydenta miasta, Bart\u0142omieja S. W magistracie jest jedn\u0105 z os\u00f3b odpowiedzialnych za plany zagospodarowania przestrzennego. St\u0105d te\u017c dalsze decyzje miasta w sprawie zabudowa\u0144 i rozbudowy miasta stan\u0119\u0142y pod znakiem zapytania. Na ostatniej Sesji Rady Miasta, radni wstrzymali si\u0119 od podj\u0119cia kolejnych decyzji zwi\u0105zanych z inwestycjami budowlanymi. <\/p>\n\n\n\n<p>Jak b\u0119dzie wygl\u0105da\u0107 dalszy ci\u0105g sprawy? Na razie nie wiadomo. Pod znakiem zapytania stoi tak\u017ce realizacja inwestycji przy centrum handlowym M1. Cho\u0107 plan zagospodarowania przestrzennego dopuszcza w tym miejscu bloki o wysoko\u015bci dwudziestu czterech metr\u00f3w, nie ma na razie pewno\u015bci, czy faktycznie wysokie bloki powstan\u0105. <\/p>\n\n\n\n<p>B\u0119dziemy trzyma\u0107 r\u0119k\u0119 na pulsie i informowa\u0107 na bie\u017c\u0105co o rozwoju wydarze\u0144. Piszcie do nas swoje opinie na ten temat. Czekamy! <\/p>\n\n\n\n<figure class=\"wp-block-image size-large\"><a href=\"http:\/\/ospc.com.pl\/wp-content\/uploads\/2024\/10\/462544441_1527017408012543_2405652457243280182_n.jpg\"><img loading=\"lazy\" width=\"1080\" height=\"576\" src=\"http:\/\/ospc.com.pl\/wp-content\/uploads\/2024\/10\/462544441_1527017408012543_2405652457243280182_n.jpg\" alt=\"\" class=\"wp-image-1241\"\/><\/a><figcaption>\u017ar\u00f3d\u0142o: Rada Dzielnicy P\u00f3\u0142noc<\/figcaption><\/figure>\n\n\n\n<figure class=\"wp-block-image size-large\"><a href=\"http:\/\/ospc.com.pl\/wp-content\/uploads\/2024\/10\/462544439_459041106665418_6628684514733562289_n.jpg\"><img loading=\"lazy\" width=\"2048\" height=\"1536\" src=\"http:\/\/ospc.com.pl\/wp-content\/uploads\/2024\/10\/462544439_459041106665418_6628684514733562289_n.jpg\" alt=\"\" class=\"wp-image-1238\" srcset=\"https:\/\/ospc.com.pl\/wp-content\/uploads\/2024\/10\/462544439_459041106665418_6628684514733562289_n.jpg 2048w, https:\/\/ospc.com.pl\/wp-content\/uploads\/2024\/10\/462544439_459041106665418_6628684514733562289_n-1536x1152.jpg 1536w\" sizes=\"(max-width: 2048px) 100vw, 2048px\" \/><\/a><\/figure>\n","protected":false},"excerpt":{"rendered":"<p>Brzmi niedorzecznie, ale to nie \u017cart. Wkr\u00f3tce b\u0119dzie mo\u017cna w Cz\u0119stochowie zamieszka\u0107 na&#8230; parkingu. A precyzyjniej&#8230; w miejscu parkingu. Pojawi\u0142 si\u0119 bowiem&#8230;<\/p>\n","protected":false},"author":3,"featured_media":1239,"comment_status":"open","ping_status":"open","sticky":false,"template":"","format":"standard","meta":[],"categories":[4],"tags":[],"jetpack_featured_media_url":"https:\/\/ospc.com.pl\/wp-content\/uploads\/2024\/10\/462554930_554058767271062_5391215247026988667_n.jpg","_links":{"self":[{"href":"https:\/\/ospc.com.pl\/index.php\/wp-json\/wp\/v2\/posts\/1237"}],"collection":[{"href":"https:\/\/ospc.com.pl\/index.php\/wp-json\/wp\/v2\/posts"}],"about":[{"href":"https:\/\/ospc.com.pl\/index.php\/wp-json\/wp\/v2\/types\/post"}],"author":[{"embeddable":true,"href":"https:\/\/ospc.com.pl\/index.php\/wp-json\/wp\/v2\/users\/3"}],"replies":[{"embeddable":true,"href":"https:\/\/ospc.com.pl\/index.php\/wp-json\/wp\/v2\/comments?post=1237"}],"version-history":[{"count":2,"href":"https:\/\/ospc.com.pl\/index.php\/wp-json\/wp\/v2\/posts\/1237\/revisions"}],"predecessor-version":[{"id":1242,"href":"https:\/\/ospc.com.pl\/index.php\/wp-json\/wp\/v2\/posts\/1237\/revisions\/1242"}],"wp:featuredmedia":[{"embeddable":true,"href":"https:\/\/ospc.com.pl\/index.php\/wp-json\/wp\/v2\/media\/1239"}],"wp:attachment":[{"href":"https:\/\/ospc.com.pl\/index.php\/wp-json\/wp\/v2\/media?parent=1237"}],"wp:term":[{"taxonomy":"category","embeddable":true,"href":"https:\/\/ospc.com.pl\/index.php\/wp-json\/wp\/v2\/categories?post=1237"},{"taxonomy":"post_tag","embeddable":true,"href":"https:\/\/ospc.com.pl\/index.php\/wp-json\/wp\/v2\/tags?post=1237"}],"curies":[{"name":"wp","href":"https:\/\/api.w.org\/{rel}","templated":true}]}}