{"id":1247,"date":"2024-10-24T02:12:00","date_gmt":"2024-10-24T00:12:00","guid":{"rendered":"http:\/\/ospc.com.pl\/?p=1247"},"modified":"2024-10-30T02:42:57","modified_gmt":"2024-10-30T01:42:57","slug":"czestochowa-z-dostepem-do-morza","status":"publish","type":"post","link":"https:\/\/ospc.com.pl\/index.php\/2024\/10\/24\/czestochowa-z-dostepem-do-morza\/","title":{"rendered":"Cz\u0119stochowa z dost\u0119pem do morza?"},"content":{"rendered":"\n<p>Cz\u0119stochowa sw\u00f3j Ba\u0142tyk i Adriatyk ju\u017c ma, ale&#8230; teraz b\u0119dzie mia\u0142a tak\u017ce bli\u017cej do morza! <\/p>\n\n\n\n<p>Odleg\u0142o\u015b\u0107 w milach morskich na razie si\u0119 nie zmniejszy, ale gospodarczo nasze miasto b\u0119dzie zdecydowanie bli\u017cej, ni\u017c dotychczas. Dlaczego? Sesja Rady Miasta przynios\u0142a zgod\u0119 na przyst\u0105pienie Cz\u0119stochowy do Stowarzyszenia Polskich Region\u00f3w Korytarza Transportowego Ba\u0142tyk-Adriatyk. W\u0142odarze podkre\u015blaj\u0105, \u017ce korytarz jest jedn\u0105 z najwa\u017cniejszych transeuropejskich sieci drogowo-kolejowych.<\/p>\n\n\n\n<p>Co to znaczy dla Cz\u0119stochowy? <\/p>\n\n\n\n<p>Nasze miasto b\u0119dzie cz\u0142onkiem wspieraj\u0105cym stowarzyszenie. Nie b\u0119dzie ponosi\u0107 za to \u017cadnych op\u0142at, ale b\u0119dzie z tego korzysta\u0107. Cz\u0142onkostwo, jak informuje Urz\u0105d Miasta, jest <em>ca\u0142kowicie bezkosztowe, a korzy\u015b\u0107 oczywista.<\/em> Uzasadniaj\u0105 to mo\u017cliwo\u015bci\u0105 nawi\u0105zania kontakt\u00f3w gospodarczych i relacji mi\u0119dzynarodowych, kt\u00f3re mog\u0105 mie\u0107 du\u017ce znaczenie dla rozwoju o\u015brodka takiego jak Cz\u0119stochowa \u2013 b\u0119d\u0105cego w centrum kraju u zbiegu jego g\u0142\u00f3wnych arterii &#8211; cytuj\u0105c fragment uzasadnienia podj\u0119tej uchwa\u0142y. <\/p>\n\n\n\n<p> A warto zaznaczy\u0107, co zreszt\u0105 zrobili radni podczas sesji, \u017ce Cz\u0119stochowa jest jedn\u0105 z najlepszych lokalizacji logistycznych w Polsce, a mimo to nadal nie osi\u0105gn\u0119li\u015bmy wci\u0105\u017c zadowalaj\u0105cego poziomu inwestycji logistycznych i produkcyjnych.<\/p>\n\n\n\n<p>Z czym zatem b\u0119dzie wi\u0105za\u0107 si\u0119 cz\u0142onkostwo? <\/p>\n\n\n\n<p>Stowarzyszenie ma na celu reprezentowanie strategicznych interes\u00f3w gospodarczych polskich region\u00f3w w krajowych i mi\u0119dzynarodowych pracach zwi\u0105zanych z Korytarzem Ba\u0142tyk-Adriatyk, kt\u00f3ry jest jednym z dziesi\u0119ciu korytarzy sieci bazowej TEN-T powo\u0142anym rozporz\u0105dzeniem Parlamentu Europejskiego i Rady Unii Europejskiej. Obecno\u015b\u0107 w organizacji daj\u0105cej dost\u0119p do szerokiego zakresu kontakt\u00f3w jest tak\u017ce szans\u0105 dla Cz\u0119stochowy, kt\u00f3ra b\u0119d\u0105c poza G\u00f3rno\u015bl\u0105sko\u2013Zag\u0142\u0119biowsk\u0105 Metropoli\u0105 musi wykorzysta\u0107 inne atuty, w tym atut lokalizacji geograficznej.<\/p>\n\n\n\n<p>Korytarz \u0142\u0105czy Ba\u0142tyk z Morzem Adriatyckim, prowadz\u0105c przez uprzemys\u0142owione rejony od po\u0142udniowej Polski (G\u00f3rny \u015al\u0105sk) poprzez Wiede\u0144, Bratys\u0142aw\u0119 i rejon Alp Wschodnich a\u017c po p\u00f3\u0142nocne W\u0142ochy. Pocz\u0105tkiem korytarza s\u0105 polskie porty morskie, z kt\u00f3rych wolumeny \u0142adunk\u00f3w przewo\u017cone s\u0105 w g\u0142\u0105b kraju do terminali intermodalnych i centr\u00f3w logistycznych. W portach obs\u0142ugiwane s\u0105 tak\u017ce \u0142adunki tranzytu czeskiego i s\u0142owackiego, a tak\u017ce \u2013 w mniejszym zakresie \u2013 w\u0119gierskiego, austriackiego i ukrai\u0144skiego &#8211; czytamy na stronie Urz\u0119du Miasta. <\/p>\n\n\n\n<p>Pozostaje zatem trzyma\u0107 kciuki, by cz\u0142onkostwo pozwoli\u0142o naszemu miastu wyp\u0142yn\u0105\u0107 na szerokie oceany!<\/p>\n\n\n\n<figure class=\"wp-block-image size-large\"><a href=\"http:\/\/ospc.com.pl\/wp-content\/uploads\/2024\/10\/78396.png\"><img loading=\"lazy\" width=\"731\" height=\"728\" src=\"http:\/\/ospc.com.pl\/wp-content\/uploads\/2024\/10\/78396.png\" alt=\"\" class=\"wp-image-1251\" srcset=\"https:\/\/ospc.com.pl\/wp-content\/uploads\/2024\/10\/78396.png 731w, https:\/\/ospc.com.pl\/wp-content\/uploads\/2024\/10\/78396-75x75@2x.png 150w, https:\/\/ospc.com.pl\/wp-content\/uploads\/2024\/10\/78396-75x75.png 75w, https:\/\/ospc.com.pl\/wp-content\/uploads\/2024\/10\/78396-300x300.png 300w, https:\/\/ospc.com.pl\/wp-content\/uploads\/2024\/10\/78396-300x300@2x.png 600w\" sizes=\"(max-width: 731px) 100vw, 731px\" \/><\/a><figcaption>fot.UM Cz\u0119stochowa<\/figcaption><\/figure>\n\n\n\n<p>info za: UM Cz\u0119stochowa<\/p>\n","protected":false},"excerpt":{"rendered":"<p>Cz\u0119stochowa sw\u00f3j Ba\u0142tyk i Adriatyk ju\u017c ma, ale&#8230; teraz b\u0119dzie mia\u0142a tak\u017ce bli\u017cej do morza! Odleg\u0142o\u015b\u0107 w milach morskich na razie si\u0119&#8230;<\/p>\n","protected":false},"author":3,"featured_media":1248,"comment_status":"open","ping_status":"open","sticky":false,"template":"","format":"standard","meta":[],"categories":[4],"tags":[],"jetpack_featured_media_url":"https:\/\/ospc.com.pl\/wp-content\/uploads\/2024\/10\/78395.png","_links":{"self":[{"href":"https:\/\/ospc.com.pl\/index.php\/wp-json\/wp\/v2\/posts\/1247"}],"collection":[{"href":"https:\/\/ospc.com.pl\/index.php\/wp-json\/wp\/v2\/posts"}],"about":[{"href":"https:\/\/ospc.com.pl\/index.php\/wp-json\/wp\/v2\/types\/post"}],"author":[{"embeddable":true,"href":"https:\/\/ospc.com.pl\/index.php\/wp-json\/wp\/v2\/users\/3"}],"replies":[{"embeddable":true,"href":"https:\/\/ospc.com.pl\/index.php\/wp-json\/wp\/v2\/comments?post=1247"}],"version-history":[{"count":2,"href":"https:\/\/ospc.com.pl\/index.php\/wp-json\/wp\/v2\/posts\/1247\/revisions"}],"predecessor-version":[{"id":1252,"href":"https:\/\/ospc.com.pl\/index.php\/wp-json\/wp\/v2\/posts\/1247\/revisions\/1252"}],"wp:featuredmedia":[{"embeddable":true,"href":"https:\/\/ospc.com.pl\/index.php\/wp-json\/wp\/v2\/media\/1248"}],"wp:attachment":[{"href":"https:\/\/ospc.com.pl\/index.php\/wp-json\/wp\/v2\/media?parent=1247"}],"wp:term":[{"taxonomy":"category","embeddable":true,"href":"https:\/\/ospc.com.pl\/index.php\/wp-json\/wp\/v2\/categories?post=1247"},{"taxonomy":"post_tag","embeddable":true,"href":"https:\/\/ospc.com.pl\/index.php\/wp-json\/wp\/v2\/tags?post=1247"}],"curies":[{"name":"wp","href":"https:\/\/api.w.org\/{rel}","templated":true}]}}