{"id":1253,"date":"2024-11-01T01:02:00","date_gmt":"2024-11-01T00:02:00","guid":{"rendered":"http:\/\/ospc.com.pl\/?p=1253"},"modified":"2024-11-03T01:44:02","modified_gmt":"2024-11-03T00:44:02","slug":"organizacja-ruchu-w-uroczystosc-wszystkich-swietych","status":"publish","type":"post","link":"https:\/\/ospc.com.pl\/index.php\/2024\/11\/01\/organizacja-ruchu-w-uroczystosc-wszystkich-swietych\/","title":{"rendered":"Organizacja ruchu w uroczysto\u015b\u0107 Wszystkich \u015awi\u0119tych"},"content":{"rendered":"\n<p>Trwa \u015bwi\u0105teczny weekend. Uroczysto\u015b\u0107 Wszystkich \u015awi\u0119tych to czas wzmo\u017conego ruchu na drogach. St\u0105d, by u\u0142atwi\u0107 dojazd na cmentarze w mie\u015bcie, Miejski Zarz\u0105d Dr\u00f3g wraz z policj\u0105 wprowadzili now\u0105, tymczasow\u0105 organizacj\u0119 ruchu w mie\u015bcie. W okolicach nekropolii ulice dot\u0105d dwukierunkowe zamieniaj\u0105 si\u0119 w jednokierunkowe, by usprawni\u0107 p\u0142ynno\u015b\u0107 przejazdu. Przed wybraniem si\u0119 na groby, warto zapozna\u0107 si\u0119 z nowymi zasadami poruszania si\u0119 po mie\u015bcie. <\/p>\n\n\n\n<p>Zmiany w organizacji ruchu b\u0119d\u0105 obowi\u0105zywa\u0142y w pi\u0105tek 1 listopada 2024 r. od godz. 6.00 do godz. 21.00. Dodatkowo:<\/p>\n\n\n\n<p>\u2022 ruch jednokierunkowy na odcinku Promenady im. Cz. Niemena od ul. Rolniczej do ul. Brze\u017anickiej (cmentarz \u201eKule\u201d) b\u0119dzie obowi\u0105zywa\u0142 od wtorku, 29 pa\u017adziernika 2024 r. od godz. 08:00 do pi\u0105tku 1 listopada 2024 r. do godziny 20:00;<br \/>\u2022 ruch jednokierunkowy na ul. Rolniczej b\u0119dzie obowi\u0105zywa\u0142 od czwartku 31 pa\u017adziernika 2024 r. od godz. 14:30 do pi\u0105tku 1 listopada 2024 r. do godziny 20:00;<br \/>\u2022 w rejonie cmentarza przy ul. Zbawiciela zmiany w organizacji ruchu b\u0119d\u0105 obowi\u0105zywa\u0107 od czwartku 31 pa\u017adziernika 2024 r. od godz. 06:00 do pi\u0105tku 1 listopada 2024 r. do godz. 20:00;<br \/>\u2022 w rejonie cmentarza przy ul. Bia\u0142ostockiej zmiany w organizacji ruchu b\u0119d\u0105 obowi\u0105zywa\u0107 od czwartku 31 pa\u017adziernika 2024 r. od godz. 12:00 do pi\u0105tku 1 listopada 2024 r. do godz. 20:00.<\/p>\n\n\n\n<p>Jak czytamy na stronie Miejskiego Zarz\u0105du Dr\u00f3g w Cz\u0119stochowie, zmiany obowi\u0105zuj\u0105 tak\u017ce w organizacji komunikacji miejskiej. G\u0142\u00f3wne trasy prowadz\u0105ce w okolice nekropolii obs\u0142ugiwa\u0107 b\u0119d\u0105 autobusy przegubowe. W rozk\u0142adzie pojawi\u0142y si\u0119 tak\u017ce linie specjalne kursuj\u0105ce wy\u0142\u0105cznie na cmentarze. 1 listopada obowi\u0105zuje rozk\u0142ad sobotni. <\/p>\n\n\n\n<p>Poni\u017cej trasy linii specjalnych: <\/p>\n\n\n\n<p>Trasy linii dodatkowych:<\/p>\n\n\n\n<p>96<br \/>JESIENNA \u2013 Jesienna \u2013 Rakowska \u2013 Al. Wojska Polskiego (powr\u00f3t: Al. 11 Listopada \u2013 Zes\u0142a\u0144c\u00f3w Sybiru \u2013 Bohater\u00f3w Katynia) \u2013 Krakowska \u2013 Kana\u0142 Kohna \u2013 Nadrzeczna \u2013 Mirowska (powr\u00f3t: Ogrodowa \u2013 Katedralna) \u2013 Aleja Naj\u015bwi\u0119tszej Maryi Panny \u2013 Al. Ko\u015bciuszki \u2013 Al. Armii Krajowej \u2013 Al. Jana Paw\u0142a II \u2013 Rynek Wielu\u0144ski \u2013 \u015bw. Rocha \u2013 Radomska \u2013 CMENTARZ KOMUNALNY<\/p>\n\n\n\n<p>97<br \/>CMENTARZ KULE \u2013 Tartakowa (powr\u00f3t: Warszawska) \u2013 Warszawska (powr\u00f3t: Nadrzeczna) \u2013 Pl. Daszy\u0144skiego \u2013 Aleja Naj\u015bwi\u0119tszej Maryi Panny \u2013 Al. Wolno\u015bci \u2013 Sobieskiego \u2013 Korczaka \u2013 Al. Bohater\u00f3w Monte Cassino \u2013 Piastowska \u2013 CMENTARZ ZACISZE (powr\u00f3t: Przestrzenna \u2013 Konwaliowa \u2013 Artyleryjska \u2013 Matejki)<\/p>\n\n\n\n<p>98<br \/>CMENTARZ KULE \u2013 Tartakowa (powr\u00f3t: Warszawska) \u2013 Warszawska (powr\u00f3t: Nadrzeczna) \u2013 Pl. Daszy\u0144skiego \u2013 Aleja Naj\u015bwi\u0119tszej Maryi Panny \u2013 Al. Ko\u015bciuszki \u2013 Al. Armii Krajowej \u2013 Al. Jana Paw\u0142a II \u2013 Rynek Wielu\u0144ski \u2013 \u015bw. Rocha \u2013 Radomska \u2013 CMENTARZ KOMUNALNY<\/p>\n\n\n\n<p>99<br \/>FIELDORFA-NILA CMENTARZ KULE \u2013 Fieldorfa \u2013 Micha\u0142owskiego \u2013 Al. Wyzwolenia \u2013 Al. Armii Krajowej \u2013 Dekabryst\u00f3w \u2013 Okulickiego \u2013 \u015bw. Krzysztofa \u2013 \u015bw. Rocha \u2013 Radomska \u2013 CMENTARZ KOMUNALNY<\/p>\n\n\n\n<p>Warto wyjecha\u0107 wcze\u015bniej, przez ca\u0142y weekend spodziewany jest du\u017cy ruch w mie\u015bcie. Ju\u017c w czwartek i pi\u0105tek przy cmentarzach robi\u0142o si\u0119 t\u0142oczno, trzeba by\u0142o odsta\u0107 swoje w korkach. <\/p>\n\n\n\n<p>Bezpiecznego weekendu! <\/p>\n\n\n\n<p>za: Miejski Zarz\u0105d Dr\u00f3g w Cz\u0119stochowie <\/p>\n","protected":false},"excerpt":{"rendered":"<p>Trwa \u015bwi\u0105teczny weekend. Uroczysto\u015b\u0107 Wszystkich \u015awi\u0119tych to czas wzmo\u017conego ruchu na drogach. St\u0105d, by u\u0142atwi\u0107 dojazd na cmentarze w mie\u015bcie, Miejski Zarz\u0105d&#8230;<\/p>\n","protected":false},"author":3,"featured_media":1254,"comment_status":"open","ping_status":"open","sticky":false,"template":"","format":"standard","meta":[],"categories":[4],"tags":[],"jetpack_featured_media_url":"https:\/\/ospc.com.pl\/wp-content\/uploads\/2024\/11\/462543673_1490772558293805_5950156651369434504_n.jpg","_links":{"self":[{"href":"https:\/\/ospc.com.pl\/index.php\/wp-json\/wp\/v2\/posts\/1253"}],"collection":[{"href":"https:\/\/ospc.com.pl\/index.php\/wp-json\/wp\/v2\/posts"}],"about":[{"href":"https:\/\/ospc.com.pl\/index.php\/wp-json\/wp\/v2\/types\/post"}],"author":[{"embeddable":true,"href":"https:\/\/ospc.com.pl\/index.php\/wp-json\/wp\/v2\/users\/3"}],"replies":[{"embeddable":true,"href":"https:\/\/ospc.com.pl\/index.php\/wp-json\/wp\/v2\/comments?post=1253"}],"version-history":[{"count":1,"href":"https:\/\/ospc.com.pl\/index.php\/wp-json\/wp\/v2\/posts\/1253\/revisions"}],"predecessor-version":[{"id":1255,"href":"https:\/\/ospc.com.pl\/index.php\/wp-json\/wp\/v2\/posts\/1253\/revisions\/1255"}],"wp:featuredmedia":[{"embeddable":true,"href":"https:\/\/ospc.com.pl\/index.php\/wp-json\/wp\/v2\/media\/1254"}],"wp:attachment":[{"href":"https:\/\/ospc.com.pl\/index.php\/wp-json\/wp\/v2\/media?parent=1253"}],"wp:term":[{"taxonomy":"category","embeddable":true,"href":"https:\/\/ospc.com.pl\/index.php\/wp-json\/wp\/v2\/categories?post=1253"},{"taxonomy":"post_tag","embeddable":true,"href":"https:\/\/ospc.com.pl\/index.php\/wp-json\/wp\/v2\/tags?post=1253"}],"curies":[{"name":"wp","href":"https:\/\/api.w.org\/{rel}","templated":true}]}}