{"id":1270,"date":"2024-11-06T21:40:00","date_gmt":"2024-11-06T20:40:00","guid":{"rendered":"http:\/\/ospc.com.pl\/?p=1270"},"modified":"2024-11-09T02:17:15","modified_gmt":"2024-11-09T01:17:15","slug":"maja-siedemdziesiat-lat-i-ida-na-studia","status":"publish","type":"post","link":"https:\/\/ospc.com.pl\/index.php\/2024\/11\/06\/maja-siedemdziesiat-lat-i-ida-na-studia\/","title":{"rendered":"Maj\u0105 siedemdziesi\u0105t lat i id\u0105 na studia!"},"content":{"rendered":"\n<p>Maj\u0105 ju\u017c indeksy i swoich znajomych z grupy. B\u0119d\u0105 spotyka\u0107 si\u0119 regularnie i wsp\u00f3lnie uczy\u0107. \u0141\u0105czy ich co\u015b jeszcze. S\u0105 ju\u017c po trzydziestce, a w\u0142a\u015bciwie i&#8230; po sze\u015b\u0107dziesi\u0105tce, cz\u0119sto nawet i po siedemdziesi\u0105tce. Ale wiedz\u0105, \u017ce&#8230;na nauk\u0119 nigdy nie jest za p\u00f3\u017ano!<\/p>\n\n\n\n<p>Z takiego za\u0142o\u017cenia wyszli seniorzy z najmniejszej gminy w powiecie cz\u0119stochowskim. Chcemy o nich napisa\u0107, bo ich zapa\u0142 do studiowania jest wi\u0119kszy, ni\u017c nie jednego m\u0142odziaka! Seniorzy z gminy Starcza postanowili wzi\u0105\u0107 sprawy w swoje r\u0119ce i w\u0142a\u015bnie uroczy\u015bcie rozpocz\u0119li pierwszy rok akademicki Uniwersytetu Trzeciego Wieku. Wszystko dzi\u0119ki pomys\u0142owi stowarzyszenia &#8222;Po sze\u015b\u0107dziesi\u0105tce&#8221;. <\/p>\n\n\n\n<p>W gminie odby\u0142a si\u0119 uroczysta inauguracja, w czasie kt\u00f3rej pojawi\u0142y si\u0119 nawet w\u0142adze cz\u0119stochowskiego Uniwersytetu Jana D\u0142ugosza. Uczelnia rozpoczyna wsp\u00f3\u0142prac\u0119 z gmin\u0105, b\u0119dzie te\u017c patronowa\u0107 dzia\u0142aniom Uniwersytetu Trzeciego Wieku. Takim sposobem studenci &#8222;posze\u015b\u0107dziesi\u0105tce&#8221; zaczynaj\u0105 nowy rozdzia\u0142 w \u017cyciu &#8211; studia. <\/p>\n\n\n\n<p>Otrzymali ju\u017c albumy uprawniaj\u0105ce ich do zdobywania wiedzy. B\u0119d\u0105 spotyka\u0107 si\u0119 regularnie na wyk\u0142adach, na kt\u00f3rych prelegenci przybli\u017c\u0105 seniorom tajniki r\u00f3\u017cnych dziedzin nauki. Ale, jak podkre\u015blaj\u0105, najwa\u017cniejsze dla nich jest wyj\u015bcie z domu i wsp\u00f3lne sp\u0119dzanie czasu. Studenci Uniwersytetu Trzeciego Wieku s\u0105 wci\u0105\u017c \u017c\u0105dni do\u015bwiadcze\u0144, przyjemnych chwil i prze\u017cy\u0107. A takie spotkania b\u0119d\u0105 dla nich podw\u00f3jnie motywuj\u0105ce. Cho\u0107, szczerze m\u00f3wi\u0105c, motywacji im nie brakuje! <\/p>\n\n\n\n<p>Trzymamy kciuki! <\/p>\n","protected":false},"excerpt":{"rendered":"<p>Maj\u0105 ju\u017c indeksy i swoich znajomych z grupy. B\u0119d\u0105 spotyka\u0107 si\u0119 regularnie i wsp\u00f3lnie uczy\u0107. \u0141\u0105czy ich co\u015b jeszcze. S\u0105 ju\u017c po&#8230;<\/p>\n","protected":false},"author":3,"featured_media":1271,"comment_status":"open","ping_status":"open","sticky":false,"template":"","format":"standard","meta":[],"categories":[4],"tags":[],"jetpack_featured_media_url":"https:\/\/ospc.com.pl\/wp-content\/uploads\/2024\/11\/462561019_550539191030568_327563909776848058_n.jpg","_links":{"self":[{"href":"https:\/\/ospc.com.pl\/index.php\/wp-json\/wp\/v2\/posts\/1270"}],"collection":[{"href":"https:\/\/ospc.com.pl\/index.php\/wp-json\/wp\/v2\/posts"}],"about":[{"href":"https:\/\/ospc.com.pl\/index.php\/wp-json\/wp\/v2\/types\/post"}],"author":[{"embeddable":true,"href":"https:\/\/ospc.com.pl\/index.php\/wp-json\/wp\/v2\/users\/3"}],"replies":[{"embeddable":true,"href":"https:\/\/ospc.com.pl\/index.php\/wp-json\/wp\/v2\/comments?post=1270"}],"version-history":[{"count":1,"href":"https:\/\/ospc.com.pl\/index.php\/wp-json\/wp\/v2\/posts\/1270\/revisions"}],"predecessor-version":[{"id":1272,"href":"https:\/\/ospc.com.pl\/index.php\/wp-json\/wp\/v2\/posts\/1270\/revisions\/1272"}],"wp:featuredmedia":[{"embeddable":true,"href":"https:\/\/ospc.com.pl\/index.php\/wp-json\/wp\/v2\/media\/1271"}],"wp:attachment":[{"href":"https:\/\/ospc.com.pl\/index.php\/wp-json\/wp\/v2\/media?parent=1270"}],"wp:term":[{"taxonomy":"category","embeddable":true,"href":"https:\/\/ospc.com.pl\/index.php\/wp-json\/wp\/v2\/categories?post=1270"},{"taxonomy":"post_tag","embeddable":true,"href":"https:\/\/ospc.com.pl\/index.php\/wp-json\/wp\/v2\/tags?post=1270"}],"curies":[{"name":"wp","href":"https:\/\/api.w.org\/{rel}","templated":true}]}}