{"id":1292,"date":"2024-11-30T19:15:13","date_gmt":"2024-11-30T18:15:13","guid":{"rendered":"http:\/\/ospc.com.pl\/?p=1292"},"modified":"2024-11-30T19:15:13","modified_gmt":"2024-11-30T18:15:13","slug":"gramy-z-kuba","status":"publish","type":"post","link":"https:\/\/ospc.com.pl\/index.php\/2024\/11\/30\/gramy-z-kuba\/","title":{"rendered":"Gramy z Kub\u0105!"},"content":{"rendered":"\n<p>Pi\u0142ka jest jedna, a B\u0142aszczykowskich jest dw\u00f3ch! I ca\u0142a hala ludzi ch\u0119tnych do pomocy! Tak wygl\u0105da ka\u017cda edycja \u015awi\u0105tecznego Grania z Kub\u0105. I tak, najpewniej, b\u0119dzie wygl\u0105da\u0142a sz\u00f3sta ods\u0142ona imprezy charytatywnej, kt\u00f3ra na dobre zadomowi\u0142a si\u0119 w kalendarzu Cz\u0119stochowy. <\/p>\n\n\n\n<p>Kuba i Dawid B\u0142aszczykowscy spotkali si\u0119 z dziennikarzami podczas konferencji prasowej w Hali Sportowej Cz\u0119stochowa by zaprosi\u0107 na turniej, kt\u00f3ry w tym roku odb\u0119dzie si\u0119 27 grudnia. Wymienili tak\u017ce kilka nazwisk, kt\u00f3re zobaczymy na parkiecie. B\u0119dzie to mi\u0119dzy innymi sta\u0142a bywalczyni Joanna J\u0119drzejczyk, Pawe\u0142 Ma\u0142aszy\u0144ski, Pawe\u0142 Domaga\u0142a czy bracia Collins. Nie zabraknie tak\u017ce \u017cu\u017clowc\u00f3w. Na turnieju pojawi si\u0119 Maciej Janowski, zaproszenie otrzyma\u0142 tak\u017ce Bartosz Zmarzlik. Pojawi si\u0119 tak\u017ce Skolim, kt\u00f3ry zagra koncert. A to nie koniec listy uczestnik\u00f3w. <\/p>\n\n\n\n<p>Na miejscu b\u0119dzie te\u017c oczywi\u015bcie sam Kuba B\u0142aszczykowski, kt\u00f3ry wraz z bratem Dawidem co roku pomagaj\u0105 potrzebuj\u0105cym. Fundacja Ludzki Gest, kt\u00f3r\u0105 za\u0142o\u017cyli, wspiera walcz\u0105ce z chorobami dzieciaki, ale nie tylko. W tym roku sportowcy chc\u0105 wspom\u00f3c tak\u017ce uzdolnion\u0105 m\u0142odzie\u017c. G\u0142\u00f3wnym celem Fundacji jest wsparcie dzieci i m\u0142odzie\u017cy do 21. roku \u017cycia w obr\u0119bie pomocy medycznej oraz kultury sportu. <\/p>\n\n\n\n<p>\u015awi\u0105teczne Granie z Kub\u0105 odb\u0119dzie si\u0119 27 grudnia o godz. 17.00. Wej\u015bci\u00f3wk\u0119 na turniej stanowi cegie\u0142ka w wysoko\u015bci 50 z\u0142otych. <\/p>\n\n\n\n<p>Wspieramy i b\u0119dziemy na miejscu!<\/p>\n","protected":false},"excerpt":{"rendered":"<p>Pi\u0142ka jest jedna, a B\u0142aszczykowskich jest dw\u00f3ch! I ca\u0142a hala ludzi ch\u0119tnych do pomocy! Tak wygl\u0105da ka\u017cda edycja \u015awi\u0105tecznego Grania z Kub\u0105&#8230;.<\/p>\n","protected":false},"author":3,"featured_media":1293,"comment_status":"open","ping_status":"open","sticky":false,"template":"","format":"standard","meta":[],"categories":[4],"tags":[14],"jetpack_featured_media_url":"https:\/\/ospc.com.pl\/wp-content\/uploads\/2024\/11\/467241264_1249692952976477_7211420712650728423_n.jpg","_links":{"self":[{"href":"https:\/\/ospc.com.pl\/index.php\/wp-json\/wp\/v2\/posts\/1292"}],"collection":[{"href":"https:\/\/ospc.com.pl\/index.php\/wp-json\/wp\/v2\/posts"}],"about":[{"href":"https:\/\/ospc.com.pl\/index.php\/wp-json\/wp\/v2\/types\/post"}],"author":[{"embeddable":true,"href":"https:\/\/ospc.com.pl\/index.php\/wp-json\/wp\/v2\/users\/3"}],"replies":[{"embeddable":true,"href":"https:\/\/ospc.com.pl\/index.php\/wp-json\/wp\/v2\/comments?post=1292"}],"version-history":[{"count":1,"href":"https:\/\/ospc.com.pl\/index.php\/wp-json\/wp\/v2\/posts\/1292\/revisions"}],"predecessor-version":[{"id":1294,"href":"https:\/\/ospc.com.pl\/index.php\/wp-json\/wp\/v2\/posts\/1292\/revisions\/1294"}],"wp:featuredmedia":[{"embeddable":true,"href":"https:\/\/ospc.com.pl\/index.php\/wp-json\/wp\/v2\/media\/1293"}],"wp:attachment":[{"href":"https:\/\/ospc.com.pl\/index.php\/wp-json\/wp\/v2\/media?parent=1292"}],"wp:term":[{"taxonomy":"category","embeddable":true,"href":"https:\/\/ospc.com.pl\/index.php\/wp-json\/wp\/v2\/categories?post=1292"},{"taxonomy":"post_tag","embeddable":true,"href":"https:\/\/ospc.com.pl\/index.php\/wp-json\/wp\/v2\/tags?post=1292"}],"curies":[{"name":"wp","href":"https:\/\/api.w.org\/{rel}","templated":true}]}}