{"id":1348,"date":"2024-12-15T20:18:00","date_gmt":"2024-12-15T19:18:00","guid":{"rendered":"http:\/\/ospc.com.pl\/?p=1348"},"modified":"2024-12-16T02:40:33","modified_gmt":"2024-12-16T01:40:33","slug":"betlejemskie-swiatlo-pokoju-juz-w-czestochowie","status":"publish","type":"post","link":"https:\/\/ospc.com.pl\/index.php\/2024\/12\/15\/betlejemskie-swiatlo-pokoju-juz-w-czestochowie\/","title":{"rendered":"Betlejemskie \u015awiat\u0142o Pokoju ju\u017c w Cz\u0119stochowie"},"content":{"rendered":"\n<p>Modlitwy i pro\u015bby o pok\u00f3j sta\u0142y si\u0119 przez ostatnie lata czym\u015b wi\u0119cej, ni\u017c tylko s\u0142owem wytrychem czy sloganem reklamowym uczestniczek konkurs\u00f3w Miss. Sta\u0142y si\u0119 powa\u017cne. I cho\u0107 tylko symbolicznie, niesie ze sob\u0105 pi\u0119kne i wa\u017cne przes\u0142anie &#8211; Betlejemskie \u015awiat\u0142o Pokoju w\u0142a\u015bnie dotar\u0142o do Cz\u0119stochowy. Przynie\u015bli je m\u0142odzi harcerze, kt\u00f3rzy otrzymali p\u0142omie\u0144 od s\u0142owackich skaut\u00f3w. Tym samym tradycja zosta\u0142a utrzymana. <\/p>\n\n\n\n<p>Na Jasnej G\u00f3rze rozb\u0142ysn\u0105\u0142 ogie\u0144 pokoju. Harcerze ze Zwi\u0105zku Harcerstwa Polskiego przekazali \u015bwiate\u0142ko arcybiskupowi Wac\u0142awowi Depo, kt\u00f3ry wni\u00f3s\u0142 lampion na o\u0142tarz Kaplicy Matki Bo\u017cej. P\u00f3\u017aniej, od p\u0142omienia odpali\u0142 pozosta\u0142e lampiony. Teraz Betlejemskie \u015awiat\u0142o Pokoju b\u0119dzie przemierza\u0142o ca\u0142\u0105 Polsk\u0119. <\/p>\n\n\n\n<p>W tym roku akcji przy\u015bwieca has\u0142o: &#8222;Kochaj czynem!&#8221;. Jak wspominali podczas Eucharystii harcerze wraz z przewodnicz\u0105cym jej metropolit\u0105 cz\u0119stochowskim, wa\u017cne jest dzia\u0142anie. Nie mo\u017cna skupia\u0107 si\u0119 tylko na s\u0142owach, zmienianie \u015bwiata trzeba zacz\u0105\u0107 od czynu. <\/p>\n\n\n\n<p>Symboliczny ogie\u0144 co roku rozpoczyna swoj\u0105 drog\u0119 w Betlejem. Wyrusza z Groty Narodzenia Pa\u0144skiego. Z Ziemi \u015awi\u0119tej pow\u0119drowa\u0142o do Austrii, a p\u00f3\u017aniej do S\u0142owacji. Teraz jest w Polsce, by o\u015bwieci\u0107 serca w sanktuarium w Cz\u0119stochowie oraz w Katedrze w Krakowie. Nast\u0119pnie ruszy w dalsz\u0105 drog\u0119. <\/p>\n\n\n\n<p>Co ciekawe, odk\u0105d w 1991 roku Zwi\u0105zek Harcerstwa  Polskiego rozpocz\u0105\u0142 akcj\u0119 w naszym kraju, tak przez ponad trzydzie\u015bci lat historii, mimo zmieniaj\u0105cej si\u0119 sytuacji politycznej i warunk\u00f3w, nigdy nie zdarzy\u0142o si\u0119, \u017ceby \u015awiat\u0142o nie wyruszy\u0142o z Betlejem w swoj\u0105 pokojow\u0105 w\u0119dr\u00f3wk\u0119. <\/p>\n\n\n\n<figure class=\"wp-block-image size-large\"><a href=\"http:\/\/ospc.com.pl\/wp-content\/uploads\/2024\/12\/466899444_1957153461432916_7516405943886562308_n.jpg\"><img loading=\"lazy\" width=\"2048\" height=\"1536\" src=\"http:\/\/ospc.com.pl\/wp-content\/uploads\/2024\/12\/466899444_1957153461432916_7516405943886562308_n.jpg\" alt=\"\" class=\"wp-image-1350\" srcset=\"https:\/\/ospc.com.pl\/wp-content\/uploads\/2024\/12\/466899444_1957153461432916_7516405943886562308_n.jpg 2048w, https:\/\/ospc.com.pl\/wp-content\/uploads\/2024\/12\/466899444_1957153461432916_7516405943886562308_n-1536x1152.jpg 1536w\" sizes=\"(max-width: 2048px) 100vw, 2048px\" \/><\/a><\/figure>\n","protected":false},"excerpt":{"rendered":"<p>Modlitwy i pro\u015bby o pok\u00f3j sta\u0142y si\u0119 przez ostatnie lata czym\u015b wi\u0119cej, ni\u017c tylko s\u0142owem wytrychem czy sloganem reklamowym uczestniczek konkurs\u00f3w Miss&#8230;.<\/p>\n","protected":false},"author":3,"featured_media":1349,"comment_status":"open","ping_status":"open","sticky":false,"template":"","format":"standard","meta":[],"categories":[4],"tags":[],"jetpack_featured_media_url":"https:\/\/ospc.com.pl\/wp-content\/uploads\/2024\/12\/462554134_870196638604770_2494628563653721542_n.jpg","_links":{"self":[{"href":"https:\/\/ospc.com.pl\/index.php\/wp-json\/wp\/v2\/posts\/1348"}],"collection":[{"href":"https:\/\/ospc.com.pl\/index.php\/wp-json\/wp\/v2\/posts"}],"about":[{"href":"https:\/\/ospc.com.pl\/index.php\/wp-json\/wp\/v2\/types\/post"}],"author":[{"embeddable":true,"href":"https:\/\/ospc.com.pl\/index.php\/wp-json\/wp\/v2\/users\/3"}],"replies":[{"embeddable":true,"href":"https:\/\/ospc.com.pl\/index.php\/wp-json\/wp\/v2\/comments?post=1348"}],"version-history":[{"count":2,"href":"https:\/\/ospc.com.pl\/index.php\/wp-json\/wp\/v2\/posts\/1348\/revisions"}],"predecessor-version":[{"id":1353,"href":"https:\/\/ospc.com.pl\/index.php\/wp-json\/wp\/v2\/posts\/1348\/revisions\/1353"}],"wp:featuredmedia":[{"embeddable":true,"href":"https:\/\/ospc.com.pl\/index.php\/wp-json\/wp\/v2\/media\/1349"}],"wp:attachment":[{"href":"https:\/\/ospc.com.pl\/index.php\/wp-json\/wp\/v2\/media?parent=1348"}],"wp:term":[{"taxonomy":"category","embeddable":true,"href":"https:\/\/ospc.com.pl\/index.php\/wp-json\/wp\/v2\/categories?post=1348"},{"taxonomy":"post_tag","embeddable":true,"href":"https:\/\/ospc.com.pl\/index.php\/wp-json\/wp\/v2\/tags?post=1348"}],"curies":[{"name":"wp","href":"https:\/\/api.w.org\/{rel}","templated":true}]}}