{"id":1374,"date":"2024-12-20T10:00:00","date_gmt":"2024-12-20T09:00:00","guid":{"rendered":"http:\/\/ospc.com.pl\/?p=1374"},"modified":"2024-12-22T05:52:56","modified_gmt":"2024-12-22T04:52:56","slug":"czestochowa-zaprasza-na-swiateczny-jarmark","status":"publish","type":"post","link":"https:\/\/ospc.com.pl\/index.php\/2024\/12\/20\/czestochowa-zaprasza-na-swiateczny-jarmark\/","title":{"rendered":"Cz\u0119stochowa zaprasza na \u015bwi\u0105teczny jarmark"},"content":{"rendered":"\n<p>Jak co roku, Plac Biega\u0144skiego sta\u0142 si\u0119 centrum \u015bwi\u0105tecznych wydarze\u0144 w mie\u015bcie. Koncerty, iluminacje i oczywi\u015bcie&#8230; jarmark! Ten b\u0119dzie w Cz\u0119stochowie przez ca\u0142y weekend, kt\u00f3ry w programie obfituje w wiele kulturalnych spotka\u0144. Miasto opublikowa\u0142o harmonogram: <\/p>\n\n\n\n<p>Pi\u0105tek, 20 grudnia<br \/>Rozpocz\u0119cie jarmarku:<br \/>\u2022 17:00\u201318:00 \u2013 Koncert Sebastiana Janika (saksofon) i Wojciecha Kr\u00f3likowskiego (piano) \u2013 po\u0142\u0105czenie jazzu i \u015bwi\u0105tecznych brzmie\u0144<br \/>\u2022 18:00\u201319:00 \u2013 Wyst\u0119p Emilki Sanders i Zosi Sobczyk<br \/>\u2022 19:00\u201320:00 \u2013 Wyst\u0119p Amelii Cierpia\u0142<br \/>\u2022 20:00\u201322:00 \u2013 Impreza z DJ-em Di<\/p>\n\n\n\n<p>Sobota, 21 grudnia<br \/>\u2022 16:00\u201316:30 \u2013 Wyst\u0119p zespo\u0142\u00f3w folklorystycznych: KGW Skrajniczanki, \u015apiewaczy Ko\u015bcielanki oraz KGW Zdrowianki<br \/>\u2022 16:30\u201317:30 \u2013 Impreza z DJ-em Di<br \/>\u2022 17:00\u201317:20 \u2013 \u015awi\u0105teczna Belgijka \u2013 wsp\u00f3lny taniec na placu Biega\u0144skiego<br \/>\u2022 17:30\u201318:30 \u2013 Koncert zespo\u0142u Fadoo<br \/>\u2022 19:00\u201320:00 \u2013 Wyst\u0119p PoFalowanych<br \/>\u2022 21:00\u201322:00 \u2013 Kolejna porcja muzyki serwowanej przez DJ-a Di<\/p>\n\n\n\n<p>Niedziela, 22 grudnia<br \/>Zako\u0144czenie jarmarku:<br \/>\u2022 16:00\u201316:15 \u2013 Wyst\u0119p zespo\u0142u Grodzianie<br \/>\u2022 16:30\u201318:30 \u2013 Dwugodzinny set DJ-a Di<br \/>\u2022 19:00\u201320:00 \u2013 Koncert zespo\u0142u Jedynka Pod Pr\u0105dem<br \/>\u2022 20:00\u201322:00 \u2013 Po\u017cegnanie weekendu w rytmach DJ-a Di<\/p>\n\n\n\n<p>Jak mo\u017cemy dowiedzie\u0107 si\u0119 ze strony internetowej naszego miasta, w Cz\u0119stochowie pojawi si\u0119 tak\u017ce \u015awi\u0105teczny Konw\u00f3j Radia ZET. Radiowe miasteczko powstanie na popularnym Bieganie i b\u0119dzie dzia\u0142a\u0142o w sobot\u0119 i w niedziel\u0119. <\/p>\n","protected":false},"excerpt":{"rendered":"<p>Jak co roku, Plac Biega\u0144skiego sta\u0142 si\u0119 centrum \u015bwi\u0105tecznych wydarze\u0144 w mie\u015bcie. Koncerty, iluminacje i oczywi\u015bcie&#8230; jarmark! Ten b\u0119dzie w Cz\u0119stochowie przez&#8230;<\/p>\n","protected":false},"author":3,"featured_media":1377,"comment_status":"open","ping_status":"open","sticky":false,"template":"","format":"standard","meta":[],"categories":[4],"tags":[24],"jetpack_featured_media_url":"https:\/\/ospc.com.pl\/wp-content\/uploads\/2024\/12\/sebastian-schuppik-a8xXZG7ssgE-unsplash-scaled.jpg","_links":{"self":[{"href":"https:\/\/ospc.com.pl\/index.php\/wp-json\/wp\/v2\/posts\/1374"}],"collection":[{"href":"https:\/\/ospc.com.pl\/index.php\/wp-json\/wp\/v2\/posts"}],"about":[{"href":"https:\/\/ospc.com.pl\/index.php\/wp-json\/wp\/v2\/types\/post"}],"author":[{"embeddable":true,"href":"https:\/\/ospc.com.pl\/index.php\/wp-json\/wp\/v2\/users\/3"}],"replies":[{"embeddable":true,"href":"https:\/\/ospc.com.pl\/index.php\/wp-json\/wp\/v2\/comments?post=1374"}],"version-history":[{"count":1,"href":"https:\/\/ospc.com.pl\/index.php\/wp-json\/wp\/v2\/posts\/1374\/revisions"}],"predecessor-version":[{"id":1376,"href":"https:\/\/ospc.com.pl\/index.php\/wp-json\/wp\/v2\/posts\/1374\/revisions\/1376"}],"wp:featuredmedia":[{"embeddable":true,"href":"https:\/\/ospc.com.pl\/index.php\/wp-json\/wp\/v2\/media\/1377"}],"wp:attachment":[{"href":"https:\/\/ospc.com.pl\/index.php\/wp-json\/wp\/v2\/media?parent=1374"}],"wp:term":[{"taxonomy":"category","embeddable":true,"href":"https:\/\/ospc.com.pl\/index.php\/wp-json\/wp\/v2\/categories?post=1374"},{"taxonomy":"post_tag","embeddable":true,"href":"https:\/\/ospc.com.pl\/index.php\/wp-json\/wp\/v2\/tags?post=1374"}],"curies":[{"name":"wp","href":"https:\/\/api.w.org\/{rel}","templated":true}]}}