{"id":1422,"date":"2025-01-09T11:00:00","date_gmt":"2025-01-09T10:00:00","guid":{"rendered":"http:\/\/ospc.com.pl\/?p=1422"},"modified":"2025-01-10T02:33:40","modified_gmt":"2025-01-10T01:33:40","slug":"wybrali-najpiekniejsza","status":"publish","type":"post","link":"https:\/\/ospc.com.pl\/index.php\/2025\/01\/09\/wybrali-najpiekniejsza\/","title":{"rendered":"Wybrali najpi\u0119kniejsz\u0105"},"content":{"rendered":"\n<p>&#8222;To jak dwie trzecie Stadionu Narodowego&#8221; &#8211; podsumowa\u0142 liczb\u0119 g\u0142os\u00f3w przeor Jasnej G\u00f3ry. Bo faktycznie, frekwencja podczas konkursu na wieczernikow\u0105 choink\u0119 by\u0142a spora. 35 tysi\u0119cy os\u00f3b zag\u0142osowa\u0142o na naj\u0142adniejsze drzewko. Wygra\u0142a Szko\u0142a Podstawowa nr 42 im. Jana Brzechwy w Cz\u0119stochowie. <\/p>\n\n\n\n<p>W jasnog\u00f3rskim wieczerniku stan\u0119\u0142o czterdzie\u015bci choinek. Podczas wizyty w sanktuarium, zwiedzaj\u0105cy szopk\u0119 mogli tak\u017ce zag\u0142osowa\u0107 wybieraj\u0105c t\u0119, kt\u00f3ra najbardziej im si\u0119 podoba. Frekwencja zaskoczy\u0142a organizator\u00f3w, bo liczba g\u0142os\u00f3w mocno przebi\u0142a poprzednie lata. Okazuje si\u0119, \u017ce pielgrzymi lubi\u0105 ten konkurs, kt\u00f3ry ju\u017c na sta\u0142e wpisa\u0142 si\u0119 w kalendarz jasnog\u00f3rskich wydarze\u0144. <\/p>\n\n\n\n<p>Choinki przystraja\u0142y dzieci ze szk\u00f3\u0142 i przedszkoli z Cz\u0119stochowy oraz okolic. W tym roku ozdoby nawi\u0105zywa\u0142y do setnej rocznicy powo\u0142ania Archidiecezji Cz\u0119stochowskiej. Dzieciom przy\u015bwieca\u0142a tak\u017ce idea ekologiczna &#8211; ozdoby cz\u0119sto robi\u0142y z materia\u0142\u00f3w, kt\u00f3rym nada\u0142y drugie \u017cycie. <\/p>\n\n\n\n<p>To ju\u017c siedemnasta edycja konkursu na wieczernikow\u0105 choink\u0119. Organizuje j\u0105 Stowarzyszenie Civitas Christiana, kt\u00f3rego przedstawiciele podczas rozdania nagr\u00f3d podkre\u015blili, \u017ce za niespe\u0142na rok planuj\u0105 kolejn\u0105 edycj\u0119. Wieczernikowe choinki wci\u0105\u017c mo\u017cna ogl\u0105da\u0107 na Jasnej G\u00f3rze w samym wieczerniku. <\/p>\n","protected":false},"excerpt":{"rendered":"<p>&#8222;To jak dwie trzecie Stadionu Narodowego&#8221; &#8211; podsumowa\u0142 liczb\u0119 g\u0142os\u00f3w przeor Jasnej G\u00f3ry. Bo faktycznie, frekwencja podczas konkursu na wieczernikow\u0105 choink\u0119 by\u0142a&#8230;<\/p>\n","protected":false},"author":3,"featured_media":1423,"comment_status":"open","ping_status":"open","sticky":false,"template":"","format":"standard","meta":[],"categories":[4],"tags":[32],"jetpack_featured_media_url":"https:\/\/ospc.com.pl\/wp-content\/uploads\/2025\/01\/466134592_1975244016292983_1651775081791609895_n.jpg","_links":{"self":[{"href":"https:\/\/ospc.com.pl\/index.php\/wp-json\/wp\/v2\/posts\/1422"}],"collection":[{"href":"https:\/\/ospc.com.pl\/index.php\/wp-json\/wp\/v2\/posts"}],"about":[{"href":"https:\/\/ospc.com.pl\/index.php\/wp-json\/wp\/v2\/types\/post"}],"author":[{"embeddable":true,"href":"https:\/\/ospc.com.pl\/index.php\/wp-json\/wp\/v2\/users\/3"}],"replies":[{"embeddable":true,"href":"https:\/\/ospc.com.pl\/index.php\/wp-json\/wp\/v2\/comments?post=1422"}],"version-history":[{"count":1,"href":"https:\/\/ospc.com.pl\/index.php\/wp-json\/wp\/v2\/posts\/1422\/revisions"}],"predecessor-version":[{"id":1424,"href":"https:\/\/ospc.com.pl\/index.php\/wp-json\/wp\/v2\/posts\/1422\/revisions\/1424"}],"wp:featuredmedia":[{"embeddable":true,"href":"https:\/\/ospc.com.pl\/index.php\/wp-json\/wp\/v2\/media\/1423"}],"wp:attachment":[{"href":"https:\/\/ospc.com.pl\/index.php\/wp-json\/wp\/v2\/media?parent=1422"}],"wp:term":[{"taxonomy":"category","embeddable":true,"href":"https:\/\/ospc.com.pl\/index.php\/wp-json\/wp\/v2\/categories?post=1422"},{"taxonomy":"post_tag","embeddable":true,"href":"https:\/\/ospc.com.pl\/index.php\/wp-json\/wp\/v2\/tags?post=1422"}],"curies":[{"name":"wp","href":"https:\/\/api.w.org\/{rel}","templated":true}]}}