{"id":1425,"date":"2025-01-10T01:04:00","date_gmt":"2025-01-10T00:04:00","guid":{"rendered":"http:\/\/ospc.com.pl\/?p=1425"},"modified":"2025-01-13T01:19:32","modified_gmt":"2025-01-13T00:19:32","slug":"charytatywnie-dla-zwierzat","status":"publish","type":"post","link":"https:\/\/ospc.com.pl\/index.php\/2025\/01\/10\/charytatywnie-dla-zwierzat\/","title":{"rendered":"Charytatywnie dla zwierz\u0105t"},"content":{"rendered":"\n<p>Zach\u0119cali\u015bmy Was do udzia\u0142u w akcji &#8222;Charytatywnie dla Zwierz\u0105t&#8221;, dzi\u015b zwierzaki otrzyma\u0142y ju\u017c wszystkie dary. \u0141\u0105cznie uda\u0142o si\u0119 zebra\u0107 ton\u0119 karmy, a tak\u017ce sto koc\u00f3w, le\u017canki i inne potrzebne akcesoria. Akcja \u201eCharytatywnie dla Zwierz\u0105t\u201d organizowana by\u0142a w cz\u0119stochowskich plac\u00f3wkach o\u015bwiatowych. Do\u0142\u0105czyli do niej sponsorzy. <\/p>\n\n\n\n<p>W akcj\u0119 zaanga\u017cowa\u0142o si\u0119 \u0142\u0105cznie ponad sze\u015b\u0107dziesi\u0105t cz\u0119stochowskich przedszkoli oraz szk\u00f3\u0142 podstawowych i \u015brednich. Dzi\u0119ki nim ju\u017c na koniec roku uda\u0142o si\u0119 stworzy\u0107 kilkadziesi\u0105t zbi\u00f3rek, kt\u00f3re wspar\u0142y bezdomne zwierz\u0119ta. Ale, co ciekawe, zebrane jedzenie i akcesoria trafi\u0105 nie tylko do schroniska przy ulicy Gilowej, ale tak\u017ce dla innych grup wspieraj\u0105cych zwierzaki, mi\u0119dzy innymi dla Fundacji Psia Duszka oraz Schroniska w Szczytach.<\/p>\n\n\n\n<p>G\u0142\u00f3wnym organizatorem tegorocznej edycji akcji &#8222;Charytatywnie dla Zwierz\u0105t&#8221; jest Cz\u0119stochowska Organizacja Turystyczna oraz M\u0142odzie\u017cowa Rada Miasta. Wraz z Zespo\u0142em Szk\u00f3\u0142 Technicznych, Zespo\u0142em Szk\u00f3\u0142 Gastronomicznych i Stowarzyszeniem Aktywna Cz\u0119stochowa wsp\u00f3lnie czuwali nad dziewi\u0105t\u0105 ods\u0142on\u0105 akcji. <\/p>\n\n\n\n<p>Z darami dla zwierz\u0105t przyby\u0142 do schroniska sam Prezydent Cz\u0119stochowy, Krzysztof Matyjaszczyk. To jednak nie koniec potrzeb bezdomnych zwierzak\u00f3w. Zima to wymagaj\u0105cy czas, dlatego warto o nich pami\u0119ta\u0107 niezale\u017cnie od prowadzonych zbi\u00f3rek. <\/p>\n\n\n\n<p>foto i info: UM Cz\u0119stochowy<\/p>\n","protected":false},"excerpt":{"rendered":"<p>Zach\u0119cali\u015bmy Was do udzia\u0142u w akcji &#8222;Charytatywnie dla Zwierz\u0105t&#8221;, dzi\u015b zwierzaki otrzyma\u0142y ju\u017c wszystkie dary. \u0141\u0105cznie uda\u0142o si\u0119 zebra\u0107 ton\u0119 karmy, a&#8230;<\/p>\n","protected":false},"author":3,"featured_media":1426,"comment_status":"open","ping_status":"open","sticky":false,"template":"","format":"standard","meta":[],"categories":[4],"tags":[33],"jetpack_featured_media_url":"https:\/\/ospc.com.pl\/wp-content\/uploads\/2025\/01\/79984.jpg","_links":{"self":[{"href":"https:\/\/ospc.com.pl\/index.php\/wp-json\/wp\/v2\/posts\/1425"}],"collection":[{"href":"https:\/\/ospc.com.pl\/index.php\/wp-json\/wp\/v2\/posts"}],"about":[{"href":"https:\/\/ospc.com.pl\/index.php\/wp-json\/wp\/v2\/types\/post"}],"author":[{"embeddable":true,"href":"https:\/\/ospc.com.pl\/index.php\/wp-json\/wp\/v2\/users\/3"}],"replies":[{"embeddable":true,"href":"https:\/\/ospc.com.pl\/index.php\/wp-json\/wp\/v2\/comments?post=1425"}],"version-history":[{"count":1,"href":"https:\/\/ospc.com.pl\/index.php\/wp-json\/wp\/v2\/posts\/1425\/revisions"}],"predecessor-version":[{"id":1427,"href":"https:\/\/ospc.com.pl\/index.php\/wp-json\/wp\/v2\/posts\/1425\/revisions\/1427"}],"wp:featuredmedia":[{"embeddable":true,"href":"https:\/\/ospc.com.pl\/index.php\/wp-json\/wp\/v2\/media\/1426"}],"wp:attachment":[{"href":"https:\/\/ospc.com.pl\/index.php\/wp-json\/wp\/v2\/media?parent=1425"}],"wp:term":[{"taxonomy":"category","embeddable":true,"href":"https:\/\/ospc.com.pl\/index.php\/wp-json\/wp\/v2\/categories?post=1425"},{"taxonomy":"post_tag","embeddable":true,"href":"https:\/\/ospc.com.pl\/index.php\/wp-json\/wp\/v2\/tags?post=1425"}],"curies":[{"name":"wp","href":"https:\/\/api.w.org\/{rel}","templated":true}]}}