{"id":1450,"date":"2025-01-15T14:25:00","date_gmt":"2025-01-15T13:25:00","guid":{"rendered":"http:\/\/ospc.com.pl\/?p=1450"},"modified":"2025-01-20T15:17:20","modified_gmt":"2025-01-20T14:17:20","slug":"slosarski-i-kuca-nagrodzeni","status":"publish","type":"post","link":"https:\/\/ospc.com.pl\/index.php\/2025\/01\/15\/slosarski-i-kuca-nagrodzeni\/","title":{"rendered":"\u015alosarski i Kuca nagrodzeni"},"content":{"rendered":"\n<p>Gratulujemy panom Markowi \u015alosarskiemu i W\u0142odzimierzowi Kucy, bo w\u0142a\u015bnie otrzymali ministerialne wyr\u00f3\u017cnienia. Jeste\u015bmy fanami zar\u00f3wno jednego jak i drugiego! Minister Kultury i Dziedzictwa Narodowego nagrodzi\u0142 tw\u00f3rc\u00f3w za ich dorobek. O sukcesie poinformowa\u0142 cz\u0119stochowski Urz\u0105d Miasta. <\/p>\n\n\n\n<p>Marek \u015alosarski &#8211; ten g\u0142os i charyzm\u0119 kojarzy ka\u017cdy. Zwi\u0105zany z cz\u0119stochowskim Teatrem im. Adama Mickiewicza aktor jest absolwentem Wydzia\u0142u Wokalno-Aktorskiego Akademii Muzycznej w Katowicach. Pracowa\u0142 tak\u017ce mi\u0119dzy innymi w Teatrze Polskim w Bielsku-Bia\u0142ej, Teatrze \u015al\u0105skim w Katowicach, Teatrze Powszechnym w \u0141odzi, a nawet w naszym Teatrze Oczami Brata. Najd\u0142u\u017cej zwi\u0105zany by\u0142 i jest do dzi\u015b z naszym Mickiewiczem. Do tej pory pojawia si\u0119 na deskach cz\u0119stochowskiego teatru. <\/p>\n\n\n\n<p>W\u015br\u00f3d jego artystycznego dorobku znalaz\u0142a si\u0119 tak\u017ce edukacyjna praca z m\u0142odzie\u017c\u0105. Dzia\u0142a\u0142 z m\u0142odymi mi\u0119dzy innymi w cz\u0119stochowskim Zespole Pa\u0144stwowych Szk\u00f3\u0142 Plastycznych im. Jacka Malczewskiego. Marek \u015alosarski anga\u017cuje si\u0119 tak\u017ce w prac\u0119 animacyjn\u0105 z osobami niepe\u0142nosprawnymi. <\/p>\n\n\n\n<p>W\u0142odzimierz Kuca to nazwisko znane mi\u0142o\u015bnikom ta\u0144ca. Jest choreografem, zawodowym tancerzem i dyplomowanym nauczycielem ta\u0144ca, ale najbardziej kojarzy si\u0119 z Cz\u0119stochowskim Teatrem Ta\u0144ca, kt\u00f3rego jest za\u0142o\u017cycielem. I to w\u0142a\u015bnie z CTT wielokrotnie \u015bwi\u0119ci\u0142 triumfy, cho\u0107 jako tancerz by\u0142 uczestnikiem krajowych i zagranicznych turniej\u00f3w, w tym Mistrzostw Polski oraz turniej\u00f3w Grand Prix Zawodowych Par Tanecznych. Jest tak\u017ce cz\u0142onkiem Polskiego Towarzystwa Tanecznego, Polskiej Federacji Ta\u0144ca oraz Polskiego Zawodowego Stowarzyszenia Tanecznego. Wsp\u00f3\u0142pracuje z instytucjami kultury w Cz\u0119stochowie, prowadzi r\u00f3wnie\u017c konsultacje w zakresie ta\u0144ca dla zespo\u0142\u00f3w i szk\u00f3\u0142 tanecznych.<\/p>\n\n\n\n<p>Jak podaje biuro prasowe UM, nagrody Ministra Kultury i Dziedzictwa Narodowego obu laureatom wr\u0119czyli prezydent Cz\u0119stochowy Krzysztof Matyjaszczyk i pierwszy Wicewojewoda \u015al\u0105ski Adam Zaczkowski.<\/p>\n\n\n\n<p>info za UM Cz\u0119stochowa, fot. \u0141ukasz Kolewi\u0144ski<\/p>\n","protected":false},"excerpt":{"rendered":"<p>Gratulujemy panom Markowi \u015alosarskiemu i W\u0142odzimierzowi Kucy, bo w\u0142a\u015bnie otrzymali ministerialne wyr\u00f3\u017cnienia. Jeste\u015bmy fanami zar\u00f3wno jednego jak i drugiego! Minister Kultury i&#8230;<\/p>\n","protected":false},"author":3,"featured_media":1451,"comment_status":"open","ping_status":"open","sticky":false,"template":"","format":"standard","meta":[],"categories":[4],"tags":[38,37],"jetpack_featured_media_url":"https:\/\/ospc.com.pl\/wp-content\/uploads\/2025\/01\/80109-scaled.jpg","_links":{"self":[{"href":"https:\/\/ospc.com.pl\/index.php\/wp-json\/wp\/v2\/posts\/1450"}],"collection":[{"href":"https:\/\/ospc.com.pl\/index.php\/wp-json\/wp\/v2\/posts"}],"about":[{"href":"https:\/\/ospc.com.pl\/index.php\/wp-json\/wp\/v2\/types\/post"}],"author":[{"embeddable":true,"href":"https:\/\/ospc.com.pl\/index.php\/wp-json\/wp\/v2\/users\/3"}],"replies":[{"embeddable":true,"href":"https:\/\/ospc.com.pl\/index.php\/wp-json\/wp\/v2\/comments?post=1450"}],"version-history":[{"count":1,"href":"https:\/\/ospc.com.pl\/index.php\/wp-json\/wp\/v2\/posts\/1450\/revisions"}],"predecessor-version":[{"id":1452,"href":"https:\/\/ospc.com.pl\/index.php\/wp-json\/wp\/v2\/posts\/1450\/revisions\/1452"}],"wp:featuredmedia":[{"embeddable":true,"href":"https:\/\/ospc.com.pl\/index.php\/wp-json\/wp\/v2\/media\/1451"}],"wp:attachment":[{"href":"https:\/\/ospc.com.pl\/index.php\/wp-json\/wp\/v2\/media?parent=1450"}],"wp:term":[{"taxonomy":"category","embeddable":true,"href":"https:\/\/ospc.com.pl\/index.php\/wp-json\/wp\/v2\/categories?post=1450"},{"taxonomy":"post_tag","embeddable":true,"href":"https:\/\/ospc.com.pl\/index.php\/wp-json\/wp\/v2\/tags?post=1450"}],"curies":[{"name":"wp","href":"https:\/\/api.w.org\/{rel}","templated":true}]}}