{"id":1466,"date":"2025-01-17T01:06:00","date_gmt":"2025-01-17T00:06:00","guid":{"rendered":"http:\/\/ospc.com.pl\/?p=1466"},"modified":"2025-01-21T02:04:45","modified_gmt":"2025-01-21T01:04:45","slug":"tragedia-w-slowackim","status":"publish","type":"post","link":"https:\/\/ospc.com.pl\/index.php\/2025\/01\/17\/tragedia-w-slowackim\/","title":{"rendered":"Tragedia w S\u0142owackim"},"content":{"rendered":"\n<p>Nie milkn\u0105 echa tragicznej informacji jaka dobieg\u0142a ze szkolnych mur\u00f3w Liceum Og\u00f3lnokszta\u0142c\u0105cego im. Juliusza S\u0142owackiego w Cz\u0119stochowie. Jego dyrektorka, Ma\u0142gorzata Kaim nie \u017cyje. P\u0142yn\u0105 wyrazy wsp\u00f3\u0142czucia, kondolencje i spo\u0142eczny szok. Obok r\u00f3wnolegle trwa dyskusja o konflikcie jaki toczy\u0142 si\u0119 w\u015br\u00f3d kadry pedagogicznej za zamkni\u0119tymi drzwiami, a p\u00f3\u017aniej tak\u017ce w s\u0105dzie. <\/p>\n\n\n\n<p>Nie znamy sprawy, dlatego przy\u0142\u0105czamy si\u0119 do kondolencji. <\/p>\n\n\n\n<p><em>Pani\u0105 Dyrektor zapami\u0119tamy jako osob\u0119 niezwykle aktywn\u0105, zawsze gotow\u0105 do realizacji ambitnych pomys\u0142\u00f3w i projekt\u00f3w, \u017cyczliwie nastawion\u0105 do pracownik\u00f3w i student\u00f3w Uniwersytetu Jana D\u0142ugosza w Cz\u0119stochowie. Bliskim Ma\u0142gorzaty Kaim, uczniom, nauczycielom i jej wychowankom spo\u0142eczno\u015b\u0107 Uniwersytetu Jana D\u0142ugosza w Cz\u0119stochowie sk\u0142ada wyrazy wsp\u00f3\u0142czucia, jednocz\u0105c si\u0119 w b\u00f3lu<\/em> &#8211; czytamy w komunikacie w\u0142adz uczelni.<\/p>\n\n\n\n<p>Ma\u0142gorzata Kaim pe\u0142ni\u0142a obowi\u0105zki dyrektora I LO S\u0142owackiego w Cz\u0119stochowie od 2015 roku. Rok p\u00f3\u017aniej, w styczniu wygra\u0142a konkurs na dyrektora tej plac\u00f3wki. Trzykrotnie wyr\u00f3\u017cniania Nagrod\u0105 Ministra Edukacji Narodowej (2001, 2006 i 2012) wsp\u00f3\u0142pracowa\u0142a tak\u017ce z Akademi\u0105 Jana D\u0142ugosza czy Instytutem Pami\u0119ci Narodowej. By\u0142a tak\u017ce autork\u0105 licznych publikacji. <\/p>\n\n\n\n<p>Grono pedagogiczne wraz z uczniami ma ju\u017c zapewnion\u0105 opiek\u0119 psychologiczn\u0105. <\/p>\n\n\n\n<p><\/p>\n","protected":false},"excerpt":{"rendered":"<p>Nie milkn\u0105 echa tragicznej informacji jaka dobieg\u0142a ze szkolnych mur\u00f3w Liceum Og\u00f3lnokszta\u0142c\u0105cego im. Juliusza S\u0142owackiego w Cz\u0119stochowie. Jego dyrektorka, Ma\u0142gorzata Kaim nie&#8230;<\/p>\n","protected":false},"author":3,"featured_media":1467,"comment_status":"open","ping_status":"open","sticky":false,"template":"","format":"standard","meta":[],"categories":[4],"tags":[],"jetpack_featured_media_url":"https:\/\/ospc.com.pl\/wp-content\/uploads\/2025\/01\/il20250114_888760735_xlarge.jpg","_links":{"self":[{"href":"https:\/\/ospc.com.pl\/index.php\/wp-json\/wp\/v2\/posts\/1466"}],"collection":[{"href":"https:\/\/ospc.com.pl\/index.php\/wp-json\/wp\/v2\/posts"}],"about":[{"href":"https:\/\/ospc.com.pl\/index.php\/wp-json\/wp\/v2\/types\/post"}],"author":[{"embeddable":true,"href":"https:\/\/ospc.com.pl\/index.php\/wp-json\/wp\/v2\/users\/3"}],"replies":[{"embeddable":true,"href":"https:\/\/ospc.com.pl\/index.php\/wp-json\/wp\/v2\/comments?post=1466"}],"version-history":[{"count":1,"href":"https:\/\/ospc.com.pl\/index.php\/wp-json\/wp\/v2\/posts\/1466\/revisions"}],"predecessor-version":[{"id":1468,"href":"https:\/\/ospc.com.pl\/index.php\/wp-json\/wp\/v2\/posts\/1466\/revisions\/1468"}],"wp:featuredmedia":[{"embeddable":true,"href":"https:\/\/ospc.com.pl\/index.php\/wp-json\/wp\/v2\/media\/1467"}],"wp:attachment":[{"href":"https:\/\/ospc.com.pl\/index.php\/wp-json\/wp\/v2\/media?parent=1466"}],"wp:term":[{"taxonomy":"category","embeddable":true,"href":"https:\/\/ospc.com.pl\/index.php\/wp-json\/wp\/v2\/categories?post=1466"},{"taxonomy":"post_tag","embeddable":true,"href":"https:\/\/ospc.com.pl\/index.php\/wp-json\/wp\/v2\/tags?post=1466"}],"curies":[{"name":"wp","href":"https:\/\/api.w.org\/{rel}","templated":true}]}}