{"id":1498,"date":"2025-01-31T15:11:00","date_gmt":"2025-01-31T14:11:00","guid":{"rendered":"http:\/\/ospc.com.pl\/?p=1498"},"modified":"2025-02-02T02:18:46","modified_gmt":"2025-02-02T01:18:46","slug":"pacjenci-szpitala-z-lublinca-beda-leczeni-w-czestochowie","status":"publish","type":"post","link":"https:\/\/ospc.com.pl\/index.php\/2025\/01\/31\/pacjenci-szpitala-z-lublinca-beda-leczeni-w-czestochowie\/","title":{"rendered":"Pacjenci szpitala z Lubli\u0144ca b\u0119d\u0105 leczeni w Cz\u0119stochowie"},"content":{"rendered":"\n<p>To nie s\u0105 dobre informacje dla pacjent\u00f3w powiatu lublinieckiego. Dlaczego tu o nich piszemy? Bo za chwil\u0119 b\u0119d\u0105 musieli przyje\u017cd\u017ca\u0107 do Cz\u0119stochowy. Szpital w Lubli\u0144cu zawiesza kilka wa\u017cnych oddzia\u0142\u00f3w u siebie. I to ju\u017c od 1 lutego. <\/p>\n\n\n\n<p>Z komunikatu Szpitala Powiatowego w Lubli\u0144cu wynika, \u017ce pacjenci nie b\u0119d\u0105 mogli skorzysta\u0107 ze \u015bwiadcze\u0144 zdrowotnych na pi\u0119ciu Oddzia\u0142ach SP ZOZ-u.\u00a0<\/p>\n\n\n\n<p>\u201cZ dniem 01.02.2025 r. Samodzielny Publiczny Zesp\u00f3\u0142 Opieki Zdrowotnej w Lubli\u0144cu, czasowo zawiesza i zaprzestaje udzielania \u015bwiadcze\u0144 zdrowotnych w nast\u0119puj\u0105cych kom\u00f3rkach organizacyjnych:<\/p>\n\n\n\n<ul><li>Oddzia\u0142 Anestezjologii i Intensywnej Terapii,<\/li><li>Oddzia\u0142 Po\u0142o\u017cniczo-Ginekologiczny,<\/li><li>Oddzia\u0142 Noworodkowy,<\/li><li>Blok Porod\u00f3w Niepowik\u0142anych,<\/li><li>Blok Operacyjny.<\/li><\/ul>\n\n\n\n<p>Na podstawie podpisanych porozumie\u0144 pacjentom powiatu lublinieckiego b\u0119d\u0105 udzielane \u015bwiadczenia zdrowotne w w\/w zakresach w:<\/p>\n\n\n\n<ul><li>Wielospecjalistycznym Szpitalu Powiatowym S.A. w Tarnowskich G\u00f3rach,<\/li><li>Zespole Opieki Zdrowotnej w Ole\u015bnie,<\/li><li>Wojew\u00f3dzkim Szpitalu Specjalistycznym im. NMP w Cz\u0119stochowie\u201d.<\/li><\/ul>\n\n\n\n<p>Miejmy nadziej\u0119, \u017ce sytuacja szybko wr\u00f3ci do normy, cho\u0107 sprawdzili\u015bmy informacje o szpitalu Powiatowym w Lubli\u0144cu. Plac\u00f3wka walczy z ogromnym d\u0142ugiem. 31 maja 2024 roku Dziennik Zachodni opublikowa\u0142 informacj\u0119, \u017ce 2 ostatnich miesi\u0105cach 2023 roku zad\u0142u\u017cenie plac\u00f3wki przekroczy\u0142o 60 milion\u00f3w z\u0142otych i wzrasta w tempie oko\u0142o 1 miliona miesi\u0119cznie.<\/p>\n\n\n\n<p>fot. Starostwo Powiatowe w Lubli\u0144cu<\/p>\n","protected":false},"excerpt":{"rendered":"<p>To nie s\u0105 dobre informacje dla pacjent\u00f3w powiatu lublinieckiego. Dlaczego tu o nich piszemy? Bo za chwil\u0119 b\u0119d\u0105 musieli przyje\u017cd\u017ca\u0107 do Cz\u0119stochowy&#8230;.<\/p>\n","protected":false},"author":3,"featured_media":1499,"comment_status":"open","ping_status":"open","sticky":false,"template":"","format":"standard","meta":[],"categories":[48],"tags":[49],"jetpack_featured_media_url":"https:\/\/ospc.com.pl\/wp-content\/uploads\/2025\/02\/8afd77-szpital-powiatowy2.jpg","_links":{"self":[{"href":"https:\/\/ospc.com.pl\/index.php\/wp-json\/wp\/v2\/posts\/1498"}],"collection":[{"href":"https:\/\/ospc.com.pl\/index.php\/wp-json\/wp\/v2\/posts"}],"about":[{"href":"https:\/\/ospc.com.pl\/index.php\/wp-json\/wp\/v2\/types\/post"}],"author":[{"embeddable":true,"href":"https:\/\/ospc.com.pl\/index.php\/wp-json\/wp\/v2\/users\/3"}],"replies":[{"embeddable":true,"href":"https:\/\/ospc.com.pl\/index.php\/wp-json\/wp\/v2\/comments?post=1498"}],"version-history":[{"count":1,"href":"https:\/\/ospc.com.pl\/index.php\/wp-json\/wp\/v2\/posts\/1498\/revisions"}],"predecessor-version":[{"id":1500,"href":"https:\/\/ospc.com.pl\/index.php\/wp-json\/wp\/v2\/posts\/1498\/revisions\/1500"}],"wp:featuredmedia":[{"embeddable":true,"href":"https:\/\/ospc.com.pl\/index.php\/wp-json\/wp\/v2\/media\/1499"}],"wp:attachment":[{"href":"https:\/\/ospc.com.pl\/index.php\/wp-json\/wp\/v2\/media?parent=1498"}],"wp:term":[{"taxonomy":"category","embeddable":true,"href":"https:\/\/ospc.com.pl\/index.php\/wp-json\/wp\/v2\/categories?post=1498"},{"taxonomy":"post_tag","embeddable":true,"href":"https:\/\/ospc.com.pl\/index.php\/wp-json\/wp\/v2\/tags?post=1498"}],"curies":[{"name":"wp","href":"https:\/\/api.w.org\/{rel}","templated":true}]}}