{"id":1515,"date":"2025-02-07T02:58:57","date_gmt":"2025-02-07T01:58:57","guid":{"rendered":"http:\/\/ospc.com.pl\/?p=1515"},"modified":"2025-02-07T02:58:58","modified_gmt":"2025-02-07T01:58:58","slug":"bedzie-wiecej-elektrykow-w-czestochowie","status":"publish","type":"post","link":"https:\/\/ospc.com.pl\/index.php\/2025\/02\/07\/bedzie-wiecej-elektrykow-w-czestochowie\/","title":{"rendered":"B\u0119dzie wi\u0119cej elektryk\u00f3w w Cz\u0119stochowie"},"content":{"rendered":"\n<p>Tabor miejskiego przewo\u017anika powi\u0119kszy si\u0119. Ju\u017c wiadomo, \u017ce wi\u0119cej b\u0119dzie autobus\u00f3w elektrycznych. Miasto poinformowa\u0142o, \u017ce w\u0142a\u015bnie rozstrzygn\u0119\u0142o przetarg na dostaw\u0119 dziesi\u0119ciu autobus\u00f3w elektrycznych wraz ze stacjami \u0142adowania. Zakup umo\u017cliwi\u0105 pieni\u0105dze pozyskane z unijnych \u015brodk\u00f3w &#8211; czytamy w komunikacie. <\/p>\n\n\n\n<p><em>Do przetargu przyst\u0105pi\u0142y trzy firmy. Wygra\u0142a oferta Solaris BUS &amp; COACH Sp. z o.o. Bolechowo-Osiedle wyceniona na 44 mln z\u0142. Za t\u0119 kwot\u0119 do Cz\u0119stochowy trafi 10 fabrycznie nowych, kompletnych, niskopod\u0142ogowych, elektrycznych autobus\u00f3w miejskich klasy MEGA (EV \u2013 Electric Vehicle) wraz z wyposa\u017ceniem elektronicznym i niezb\u0119dnymi licencjami, a tak\u017ce 10 stacjonarnych \u0142adowarek o mocy min. 150 kW ka\u017cda. Przetarg obejmuje r\u00f3wnie\u017c przeprowadzenie szkole\u0144, dostarczenie dokumentacji, niezb\u0119dnych narz\u0119dzi i urz\u0105dzenia diagnostycznego oraz udzielenie wewn\u0119trznej autoryzacji serwisowania i obs\u0142ugi autobus\u00f3w miejskiemu przewo\u017anikowi.<\/em><\/p>\n\n\n\n<p>Ile to kosztowa\u0142o? Sporo. Cz\u0119stochowie ida\u0142o si\u0119 uzyska\u0107 dofinansowanie na ten cel w wysoko\u015bci ponad trzydziestu sze\u015bciu milion\u00f3w z\u0142otych. \u015arodki pochodz\u0105 z Krajowego Planu Odbudowy i Zwi\u0119kszania Odporno\u015bci. Umow\u0119 podpisano w grudniu ubieg\u0142ego roku. <\/p>\n\n\n\n<p>Elektryki, o kt\u00f3rych mowa to tak zwane \u201eprzegubowce\u201d o d\u0142ugo\u015bci od 17,5 do 18,5 metra. B\u0119d\u0105 mia\u0142y wewn\u0105trz minimum 105 miejsc dla pasa\u017cer\u00f3w, w tym co najmniej 34 siedz\u0105ce, z uwzgl\u0119dnieniem 12 miejsc dost\u0119pnych z poziomu niskiej pod\u0142ogi, w tym 4 siedziska dla os\u00f3b o obni\u017conej sprawno\u015bci ruchowej. Silniki powinny by\u0107 mocy nie mniejszej ni\u017c 230 kW. Pojazdy maj\u0105 mie\u0107 mo\u017cliwo\u015b\u0107 odzysku energii elektrycznej podczas hamowania autobusu dla potrzeb \u0142adowania magazynu energii oraz funkcj\u0119 ograniczenia pr\u0119dko\u015bci do 70 km\/h.<\/p>\n\n\n\n<p>Jak informuje miasto, pojazdy maj\u0105 by\u0107 wyprodukowane i dostarczone do roku od dnia zawarcia umowy z wykonawc\u0105, ale nie p\u00f3\u017aniej ni\u017c do 28 lutego 2026 roku.<\/p>\n\n\n\n<p>Wcze\u015bniej MPK wzbogaci\u0142o si\u0119 o 4 nowe \u201eelektryki\u201d. W ca\u0142ej autobusowej flocie Miejskiego Przedsi\u0119biorstwa Komunikacyjnego w Cz\u0119stochowie je\u017adzi ju\u017c blisko p\u00f3\u0142 setki pojazd\u00f3w z nap\u0119dem innym ni\u017c spalinowy (elektrycznym, hybrydowym i z nap\u0119dem na spr\u0119\u017cony gaz ziemny CNG).<\/p>\n\n\n\n<p>info i foto za: MPK w Cz\u0119stochowie<\/p>\n","protected":false},"excerpt":{"rendered":"<p>Tabor miejskiego przewo\u017anika powi\u0119kszy si\u0119. Ju\u017c wiadomo, \u017ce wi\u0119cej b\u0119dzie autobus\u00f3w elektrycznych. Miasto poinformowa\u0142o, \u017ce w\u0142a\u015bnie rozstrzygn\u0119\u0142o przetarg na dostaw\u0119 dziesi\u0119ciu autobus\u00f3w&#8230;<\/p>\n","protected":false},"author":3,"featured_media":1516,"comment_status":"open","ping_status":"open","sticky":false,"template":"","format":"standard","meta":[],"categories":[4],"tags":[56,57],"jetpack_featured_media_url":"https:\/\/ospc.com.pl\/wp-content\/uploads\/2025\/02\/80431.jpg","_links":{"self":[{"href":"https:\/\/ospc.com.pl\/index.php\/wp-json\/wp\/v2\/posts\/1515"}],"collection":[{"href":"https:\/\/ospc.com.pl\/index.php\/wp-json\/wp\/v2\/posts"}],"about":[{"href":"https:\/\/ospc.com.pl\/index.php\/wp-json\/wp\/v2\/types\/post"}],"author":[{"embeddable":true,"href":"https:\/\/ospc.com.pl\/index.php\/wp-json\/wp\/v2\/users\/3"}],"replies":[{"embeddable":true,"href":"https:\/\/ospc.com.pl\/index.php\/wp-json\/wp\/v2\/comments?post=1515"}],"version-history":[{"count":1,"href":"https:\/\/ospc.com.pl\/index.php\/wp-json\/wp\/v2\/posts\/1515\/revisions"}],"predecessor-version":[{"id":1517,"href":"https:\/\/ospc.com.pl\/index.php\/wp-json\/wp\/v2\/posts\/1515\/revisions\/1517"}],"wp:featuredmedia":[{"embeddable":true,"href":"https:\/\/ospc.com.pl\/index.php\/wp-json\/wp\/v2\/media\/1516"}],"wp:attachment":[{"href":"https:\/\/ospc.com.pl\/index.php\/wp-json\/wp\/v2\/media?parent=1515"}],"wp:term":[{"taxonomy":"category","embeddable":true,"href":"https:\/\/ospc.com.pl\/index.php\/wp-json\/wp\/v2\/categories?post=1515"},{"taxonomy":"post_tag","embeddable":true,"href":"https:\/\/ospc.com.pl\/index.php\/wp-json\/wp\/v2\/tags?post=1515"}],"curies":[{"name":"wp","href":"https:\/\/api.w.org\/{rel}","templated":true}]}}