{"id":1530,"date":"2025-02-25T02:24:55","date_gmt":"2025-02-25T01:24:55","guid":{"rendered":"http:\/\/ospc.com.pl\/?p=1530"},"modified":"2025-02-25T02:25:33","modified_gmt":"2025-02-25T01:25:33","slug":"1530","status":"publish","type":"post","link":"https:\/\/ospc.com.pl\/index.php\/2025\/02\/25\/1530\/","title":{"rendered":"Nie b\u00f3j si\u0119 poprosi\u0107 o pomoc"},"content":{"rendered":"\n<p>Dla tych, kt\u00f3rzy potrzebuj\u0105 pomocy, ale boj\u0105 si\u0119 o ni\u0105 poprosi\u0107 i dla tych, kt\u00f3rzy chc\u0105 wiedzie\u0107, ale nie wiedz\u0105, gdzie pyta\u0107&#8230; Trwa w\u0142a\u015bnie Tydzie\u0144 Pomocy Osobom Pokrzywdzonym Przest\u0119pstwem.<\/p>\n\n\n\n<p>Cz\u0119stochowski magistrat informuje, \u017ce od 20 lat obchodzony jest w Polsce Mi\u0119dzynarodowy Dzie\u0144 Ofiar Przest\u0119pstw. Podobnie i tym razem. W akcj\u0119 w\u0142\u0105czaj\u0105 si\u0119 s\u0105dy, prokuratury, komendy policji, prawnicze samorz\u0105dy zawodowe oraz organizacje pozarz\u0105dowe w ca\u0142ej Polsce. Dzi\u0119ki temu osoby dotkni\u0119te przest\u0119pstwem mog\u0105 otrzyma\u0107 bezp\u0142atn\u0105 porad\u0119.<\/p>\n\n\n\n<p>W akcji bior\u0105 udzia\u0142 tak\u017ce prokuratury okr\u0119gu cz\u0119stochowskiego. W ramach akcji prokuratury okr\u0119gu cz\u0119stochowskiego przyjmuj\u0105 osoby szukaj\u0105ce pomocy i porady w nast\u0119puj\u0105cych lokalizacjach i terminach, w dniach 24-28 lutego:<br \/>1) w Prokuraturze Okr\u0119gowej w Cz\u0119stochowie, przy ul. D\u0105browskiego 23\/35, w godzinach 8.30 &#8211; 14.30 w dniach:<br \/>\u2022 24.02.2025 r. pok\u00f3j nr 7, dodatkowo w godzinach 15.30 &#8211; 17.00 w pokoju nr 14,<br \/>\u2022 25.02.2025 r. pok\u00f3j nr 21a,<br \/>\u2022 26.02.2025 r. pok\u00f3j nr 13,<br \/>\u2022 27.02.2025 r. pok\u00f3j nr 7,<br \/>\u2022 28.02.2025 r. pok\u00f3j nr 7,<br \/>2) w Prokuraturze Rejonowej Cz\u0119stochowa &#8211; P\u00f3\u0142noc w Cz\u0119stochowie, przy ul. Sikorskiego 80, w godzinach 8.30 &#8211; 14.30 w dniach:<br \/>\u2022 24.02.2025 r. pok\u00f3j nr 4, w godzinach 8.30 &#8211; 15.30, dodatkowo w godzinach 15.30 &#8211; 17.00 w pokoju nr 13,<br \/>\u2022 25.02.2025 r. pokoje nr 18 i 9,<br \/>\u2022 26.02.2025 r. pokoje nr 17 i 3,<br \/>\u2022 27.02.2025 r. pokoje nr 17 i 2,<br \/>\u2022 28.02.2025 r. pokoje nr 1 i 08,<br \/>3) w Prokuraturze Rejonowej Cz\u0119stochowa-Po\u0142udnie w Cz\u0119stochowie, przy ul. Sikorskiego 80, w godzinach 8.30 \u2013 14.30 w dniach:<br \/>\u2022 24.02.2025 r. pokoje nr 32 i 38, dodatkowo w godzinach 14.30 \u2013 17.00 w pokoju nr 38,<br \/>\u2022 25.02.2025 r. pokoje nr 32 i 38,<br \/>\u2022 26.02.2025 r. pokoje nr 32 i 38,<br \/>\u2022 27.02.2025 r. pokoje nr 32 i 38,<br \/>\u2022 28.02.2025 r. pokoje nr 32 i 38,<br \/>4) w Prokuraturze Rejonowej w Cz\u0119stochowie, przy ul. Kili\u0144skiego 23, w godzinach 8.00 \u2013 15.00 w dniach:<br \/>\u2022 24.02.2025 r. pokoje nr 5 i 10, dodatkowo w godzinach 15.00 \u2013 17.00 w pokoju nr 5,<br \/>\u2022 25.02.2025 r. pokoje nr 14 i 10,<br \/>\u2022 26.02.2025 r. pokoje nr 14 i 10,<br \/>\u2022 27.02.2025 r. pokoje nr 14 i 10,<br \/>\u2022 28.02.2025 r. pokoje nr 14 i 10,<br \/>5) w Prokuraturze Rejonowej w Lubli\u0144cu, przy ul. Plebiscytowej 30, w godz. 7.30 \u2013 15.30 w dniach:<br \/>\u2022 24.02.2025 r. pok\u00f3j nr 12, dodatkowo w godzinach 15.30 \u2013 17.00 w pokoju nr 12,<br \/>\u2022 25.02.2025 r. pok\u00f3j nr 12,<br \/>\u2022 26.02.2025 r. pok\u00f3j nr 6,<br \/>\u2022 27.02.2025 r. pok\u00f3j nr 11,<br \/>\u2022 28.02.2025 r. pok\u00f3j nr 11,<br \/>6) w Prokuraturze Rejonowej w Myszkowie, przy ul. Ko\u015bcielnej 15, w godz. 7.30 \u2013 15.30 w dniach:<br \/>\u2022 24.02.2025 r. pokoje nr 19 i 16a, dodatkowo w godzinach 15.30 \u2013 17.00 w pokoju nr 19,<br \/>\u2022 25.02.2025 r. pokoje nr 19 i 16a,<br \/>\u2022 26.02.2025 r. pokoje nr 19 i 16a,<br \/>\u2022 27.02.2025 r. pokoje nr 19 i 16a,<br \/>\u2022 28.02.2025 r. pokoje nr 19 i 16a.<\/p>\n\n\n\n<p>Przez ca\u0142y rok osoby pokrzywdzone przest\u0119pstwem mog\u0105 zg\u0142asza\u0107 si\u0119 do plac\u00f3wek finansowanych ze \u015brodk\u00f3w Funduszu Sprawiedliwo\u015bci. To ponad 300 miejsc dzia\u0142aj\u0105cych w ca\u0142ej Polsce, w kt\u00f3rych mo\u017cna uzyska\u0107 bezp\u0142atn\u0105, szybk\u0105 i profesjonaln\u0105 pomoc.<br \/>Prawn\u0105 i psychologiczn\u0105, a w razie potrzeby r\u00f3wnie\u017c materialn\u0105, dostosowan\u0105 do potrzeb.<br \/>Wykaz plac\u00f3wek znajduje si\u0119 na stronie Funduszu Sprawiedliwo\u015bci:<br \/>https:\/\/www.funduszsprawiedliwosci.gov.pl\/pl\/znajdz-osrodek-pomocy\/<\/p>\n\n\n\n<p>Do kontaktu s\u0142u\u017cy r\u00f3wnie\u017c ca\u0142odobowa og\u00f3lnokrajowa Linia Pomocy Pokrzywdzonym (+48 222 309 900) oraz specjalny adres e-mail: info@numersos.pl<\/p>\n\n\n\n<p>Info\/foto za: UM Cz\u0119stochowy<\/p>\n","protected":false},"excerpt":{"rendered":"<p>Dla tych, kt\u00f3rzy potrzebuj\u0105 pomocy, ale boj\u0105 si\u0119 o ni\u0105 poprosi\u0107 i dla tych, kt\u00f3rzy chc\u0105 wiedzie\u0107, ale nie wiedz\u0105, gdzie pyta\u0107&#8230;&#8230;<\/p>\n","protected":false},"author":3,"featured_media":1531,"comment_status":"open","ping_status":"open","sticky":false,"template":"","format":"standard","meta":[],"categories":[4],"tags":[66],"jetpack_featured_media_url":"https:\/\/ospc.com.pl\/wp-content\/uploads\/2025\/02\/80648.png","_links":{"self":[{"href":"https:\/\/ospc.com.pl\/index.php\/wp-json\/wp\/v2\/posts\/1530"}],"collection":[{"href":"https:\/\/ospc.com.pl\/index.php\/wp-json\/wp\/v2\/posts"}],"about":[{"href":"https:\/\/ospc.com.pl\/index.php\/wp-json\/wp\/v2\/types\/post"}],"author":[{"embeddable":true,"href":"https:\/\/ospc.com.pl\/index.php\/wp-json\/wp\/v2\/users\/3"}],"replies":[{"embeddable":true,"href":"https:\/\/ospc.com.pl\/index.php\/wp-json\/wp\/v2\/comments?post=1530"}],"version-history":[{"count":2,"href":"https:\/\/ospc.com.pl\/index.php\/wp-json\/wp\/v2\/posts\/1530\/revisions"}],"predecessor-version":[{"id":1533,"href":"https:\/\/ospc.com.pl\/index.php\/wp-json\/wp\/v2\/posts\/1530\/revisions\/1533"}],"wp:featuredmedia":[{"embeddable":true,"href":"https:\/\/ospc.com.pl\/index.php\/wp-json\/wp\/v2\/media\/1531"}],"wp:attachment":[{"href":"https:\/\/ospc.com.pl\/index.php\/wp-json\/wp\/v2\/media?parent=1530"}],"wp:term":[{"taxonomy":"category","embeddable":true,"href":"https:\/\/ospc.com.pl\/index.php\/wp-json\/wp\/v2\/categories?post=1530"},{"taxonomy":"post_tag","embeddable":true,"href":"https:\/\/ospc.com.pl\/index.php\/wp-json\/wp\/v2\/tags?post=1530"}],"curies":[{"name":"wp","href":"https:\/\/api.w.org\/{rel}","templated":true}]}}