{"id":1538,"date":"2025-02-18T02:02:00","date_gmt":"2025-02-18T01:02:00","guid":{"rendered":"http:\/\/ospc.com.pl\/?p=1538"},"modified":"2025-02-26T02:16:43","modified_gmt":"2025-02-26T01:16:43","slug":"nowa-rowerowa-impreza-w-kalendarzu-miasta-i-jasnej-gory","status":"publish","type":"post","link":"https:\/\/ospc.com.pl\/index.php\/2025\/02\/18\/nowa-rowerowa-impreza-w-kalendarzu-miasta-i-jasnej-gory\/","title":{"rendered":"Nowa rowerowa impreza w kalendarzu miasta i Jasnej G\u00f3ry"},"content":{"rendered":"\n<p>Ju\u017c w maju Cz\u0119stochowa zn\u00f3w b\u0119dzie centrum \u017cycia wszystkich polskich cyklist\u00f3w. Nasze miasto ma sta\u0107 si\u0119 rowerow\u0105 stolic\u0105 Polski &#8211; tak o nowej imprezie w cz\u0119stochowskim kalendarzu m\u00f3wi si\u0119 ju\u017c dzi\u015b. W drugi weekend maja ma do naszego miasta zjecha\u0107 t\u0142um rowerzyst\u00f3w. Dlaczego? <\/p>\n\n\n\n<p>CZEWA BIKE FEST, czyli Jasnog\u00f3rski Zlot Rowerowy to wydarzenie, kt\u00f3re po\u0142\u0105czy miasto z Jasn\u0105 G\u00f3r\u0105, r\u00f3wnie\u017c pod wzgl\u0119dem organizacyjnym. Ba, ju\u017c to zrobi\u0142a, bo przy wsp\u00f3lnym stole zasiedli w\u0142odarze miasta i ojcowie paulini. \u0141\u0105cz\u0105 si\u0142y by majowa impreza sta\u0142a si\u0119 tradycj\u0105 i nios\u0142a ze sob\u0105 dobre warto\u015bci.<\/p>\n\n\n\n<p>W miejskim ratuszu og\u0142oszono g\u0142\u00f3wne punkty programu tego rodzinnego wydarzenia adresowanego do szeroko rozumianego \u015brodowiska rowerzyst\u00f3w &#8211; czytamy w notce Biura Prasowego UM &#8211; na konferencji prasowej zapowiadaj\u0105cej Zlot g\u0142os zabierali: wicemarsza\u0142ek wojew\u00f3dztwa \u015bl\u0105skiego Grzegorz Boski, prezydent Cz\u0119stochowy Krzysztof Matyjaszczyk, kustosz Bazyliki Jasnog\u00f3rskiej o. Waldemar Pastusiak i prezeska Cz\u0119stochowskiej Organizacji Turystycznej Paula Wypych.<\/p>\n\n\n\n<p>Zlot ma si\u0119 odbywa\u0107 od 9 do 11 maja br. na Placu Biega\u0144skiego, a tak\u017ce na B\u0142oniach Jasnog\u00f3rskich oraz w III Alei NMP. Zlot b\u0119dzie swoistego rodzaju festiwalem podczas kt\u00f3rego b\u0119dzie mo\u017cna wzi\u0105\u0107 udzia\u0142 w targach dla pasjonat\u00f3w sportu, turystyki i ekologii. Pojawi\u0105 si\u0119 stoiska z rowerowymi akcesoriami, odzie\u017c\u0105 sportow\u0105, zdrow\u0105 \u017cywno\u015bci\u0105, ekologicznymi produktami, a tak\u017ce ofertami organizator\u00f3w turystyki i przewo\u017anik\u00f3w. Nie zabraknie foodtruck\u00f3w i atrakcji dla m\u0142odszych uczestnik\u00f3w, takich jak miasteczko ruchu drogowego, kt\u00f3re promowa\u0107 b\u0119dzie bezpieczne poruszanie si\u0119 po drodze z wykorzystaniem m.in. symulator\u00f3w jazdy oraz rowerowego toru przeszk\u00f3d.<\/p>\n\n\n\n<p><br \/>10 maja zaplanowana zostanie wycieczka z przewodnikiem. Szlaki b\u0119d\u0105 dostosowane do preferencji uczestnik\u00f3w \u2013 pocz\u0105wszy od tras szosowych, przez MTB, a\u017c po rodzinne przeja\u017cd\u017cki. B\u0119d\u0105 tak\u017ce pokazy akrobacji na rowerach oraz strefy animacji dla dzieci.<\/p>\n\n\n\n<p><br \/> 11 maja to czas gromadzenia si\u0119 pielgrzym\u00f3w na n\u0142oniach Jasnej G\u00f3ry, gdzie odprawiona zostanie uroczysta msza \u015bwi\u0119ta inauguruj\u0105ca sezon rowerowy w wojew\u00f3dztwie \u015bl\u0105skim po\u0142\u0105czona z po\u015bwi\u0119ceniem rower\u00f3w. <\/p>\n\n\n\n<p>B\u0119dzie mo\u017cna tak\u017ce skorzysta\u0107 z urok\u00f3w strefy \u201eZakr\u0119conych Rower\u00f3w\u201d, kt\u00f3ra umo\u017cliwi  jazd\u0119 na nietypowych pojazdach oraz rowerowego miasteczka ruchu drogowego. Dodatkowo warto zaznaczy\u0107, \u017ce w wydarzeniu wezm\u0105 udzia\u0142 tak\u017ce o\u015bcienne gminy, kt\u00f3re zorganizuj\u0105 u siebie rajdy rowerowe i festyny. <\/p>\n\n\n\n<p>Info i fot. UM Cz\u0119stochowy\/ Grzegorz Skowronek<\/p>\n","protected":false},"excerpt":{"rendered":"<p>Ju\u017c w maju Cz\u0119stochowa zn\u00f3w b\u0119dzie centrum \u017cycia wszystkich polskich cyklist\u00f3w. Nasze miasto ma sta\u0107 si\u0119 rowerow\u0105 stolic\u0105 Polski &#8211; tak o&#8230;<\/p>\n","protected":false},"author":3,"featured_media":1539,"comment_status":"open","ping_status":"open","sticky":false,"template":"","format":"standard","meta":[],"categories":[4],"tags":[69],"jetpack_featured_media_url":"https:\/\/ospc.com.pl\/wp-content\/uploads\/2025\/02\/80589-scaled.jpg","_links":{"self":[{"href":"https:\/\/ospc.com.pl\/index.php\/wp-json\/wp\/v2\/posts\/1538"}],"collection":[{"href":"https:\/\/ospc.com.pl\/index.php\/wp-json\/wp\/v2\/posts"}],"about":[{"href":"https:\/\/ospc.com.pl\/index.php\/wp-json\/wp\/v2\/types\/post"}],"author":[{"embeddable":true,"href":"https:\/\/ospc.com.pl\/index.php\/wp-json\/wp\/v2\/users\/3"}],"replies":[{"embeddable":true,"href":"https:\/\/ospc.com.pl\/index.php\/wp-json\/wp\/v2\/comments?post=1538"}],"version-history":[{"count":1,"href":"https:\/\/ospc.com.pl\/index.php\/wp-json\/wp\/v2\/posts\/1538\/revisions"}],"predecessor-version":[{"id":1540,"href":"https:\/\/ospc.com.pl\/index.php\/wp-json\/wp\/v2\/posts\/1538\/revisions\/1540"}],"wp:featuredmedia":[{"embeddable":true,"href":"https:\/\/ospc.com.pl\/index.php\/wp-json\/wp\/v2\/media\/1539"}],"wp:attachment":[{"href":"https:\/\/ospc.com.pl\/index.php\/wp-json\/wp\/v2\/media?parent=1538"}],"wp:term":[{"taxonomy":"category","embeddable":true,"href":"https:\/\/ospc.com.pl\/index.php\/wp-json\/wp\/v2\/categories?post=1538"},{"taxonomy":"post_tag","embeddable":true,"href":"https:\/\/ospc.com.pl\/index.php\/wp-json\/wp\/v2\/tags?post=1538"}],"curies":[{"name":"wp","href":"https:\/\/api.w.org\/{rel}","templated":true}]}}