{"id":1541,"date":"2025-02-27T00:33:56","date_gmt":"2025-02-26T23:33:56","guid":{"rendered":"http:\/\/ospc.com.pl\/?p=1541"},"modified":"2025-02-27T00:35:29","modified_gmt":"2025-02-26T23:35:29","slug":"1541","status":"publish","type":"post","link":"https:\/\/ospc.com.pl\/index.php\/2025\/02\/27\/1541\/","title":{"rendered":"Rusza remont ulicy Srebrnej, b\u0119d\u0105 zmiany"},"content":{"rendered":"\n<p>D\u0142ugo czekali\u015bmy na ten remont. Cho\u0107 raz ju\u017c widzieli\u015bmy w tym rejonie roboty drogowe i to trwaj\u0105ce kilka lat, nied\u0142ugo zn\u00f3w si\u0119 tam pojawi\u0105&#8230;. Ulica Srebrna przejdzie remont. Wszystko ze wzgl\u0119du na jej stan, kt\u00f3ry regularnie pogarszali kierowcy w czasie remontu gierk\u00f3wki. W\u0142a\u015bnie tamt\u0119dy kierowany by\u0142 objazd, co sprawi\u0142o, \u017ce jezdnia zosta\u0142a po remoncie doszcz\u0119tnie rozjechana przez ci\u0119\u017car\u00f3wki, autobusy i osob\u00f3wki. <\/p>\n\n\n\n<p>Na pocz\u0105tku marca ma ruszy\u0107 jej remont, zostanie wi\u0119c zamkni\u0119ta, a w mie\u015bcie zn\u00f3w b\u0119d\u0105 kr\u00f3lowa\u0107 objazdy. Miasto poinformowa\u0142o, \u017ce jad\u0105c od strony Grab\u00f3wki, autobusy pojad\u0105 na wprost ca\u0142\u0105 Alej\u0105 Jana Paw\u0142a II, a potem przez ul. Drogowc\u00f3w i most na Warcie do ulicy Srebrnej. Zawieszonych zostanie par\u0119 przystank\u00f3w.<\/p>\n\n\n\n<p>W zwi\u0105zku z rozpocz\u0119ciem remontu ul. Srebrnej od skrzy\u017cowania z Mirowsk\u0105 i Z\u0142ot\u0105 do ul. Kamiennej, od 3 marca (poniedzia\u0142ku) do odwo\u0142ania b\u0119dzie wprowadzony objazd dla autobus\u00f3w MPK linii nr 26.<\/p>\n\n\n\n<p>Jad\u0105c od strony Grab\u00f3wki i Rynku Wielu\u0144skiego, autobusy pojad\u0105 na wprost ca\u0142\u0105 alej\u0105 Jana Paw\u0142a II, a dalej przez ulic\u0119 Drogowc\u00f3w i most na Warcie do ulicy Srebrnej.<\/p>\n\n\n\n<p>Objazd obowi\u0105zuje w obu kierunkach, a na zmienionej trasie obowi\u0105zuj\u0105 wszystkie przystanki po\u015brednie.<\/p>\n\n\n\n<p>Jednocze\u015bnie dla linii nr 26 zostaj\u0105 zawieszone przystanki:<\/p>\n\n\n\n<ul><li>II ALEJA NAJ\u015aWI\u0118TSZEJ MARYI PANNY<\/li><li>PLAC DASZY\u0143SKIEGO<\/li><li>ZAWODZIE \u2013 SZPITAL<\/li><li>RYNEK NARUTOWICZA<\/li><li>SREBRNA<\/li><li>SREBRNA I<\/li><li>JURAJSKA<\/li><li>SREBRNA \u2013 RONDO (tylko w kierunku centrum).<\/li><\/ul>\n\n\n\n<p>W celu skorzystania z linii 26 w pobli\u017cu centrum, zalecane jest korzystanie z przystank\u00f3w RONDO TRZECH KRZY\u017bY, ALEJA JANA PAW\u0141A II \u2013 UNIWERSYTET lub D\u0104BROWSKIEGO \u2013 S\u0104DY.<\/p>\n\n\n\n<p>Info i foto za: UM Cz\u0119stochowa<\/p>\n","protected":false},"excerpt":{"rendered":"<p>D\u0142ugo czekali\u015bmy na ten remont. Cho\u0107 raz ju\u017c widzieli\u015bmy w tym rejonie roboty drogowe i to trwaj\u0105ce kilka lat, nied\u0142ugo zn\u00f3w si\u0119&#8230;<\/p>\n","protected":false},"author":3,"featured_media":1542,"comment_status":"open","ping_status":"open","sticky":false,"template":"","format":"standard","meta":[],"categories":[4],"tags":[70],"jetpack_featured_media_url":"https:\/\/ospc.com.pl\/wp-content\/uploads\/2025\/02\/60124.jpg","_links":{"self":[{"href":"https:\/\/ospc.com.pl\/index.php\/wp-json\/wp\/v2\/posts\/1541"}],"collection":[{"href":"https:\/\/ospc.com.pl\/index.php\/wp-json\/wp\/v2\/posts"}],"about":[{"href":"https:\/\/ospc.com.pl\/index.php\/wp-json\/wp\/v2\/types\/post"}],"author":[{"embeddable":true,"href":"https:\/\/ospc.com.pl\/index.php\/wp-json\/wp\/v2\/users\/3"}],"replies":[{"embeddable":true,"href":"https:\/\/ospc.com.pl\/index.php\/wp-json\/wp\/v2\/comments?post=1541"}],"version-history":[{"count":2,"href":"https:\/\/ospc.com.pl\/index.php\/wp-json\/wp\/v2\/posts\/1541\/revisions"}],"predecessor-version":[{"id":1544,"href":"https:\/\/ospc.com.pl\/index.php\/wp-json\/wp\/v2\/posts\/1541\/revisions\/1544"}],"wp:featuredmedia":[{"embeddable":true,"href":"https:\/\/ospc.com.pl\/index.php\/wp-json\/wp\/v2\/media\/1542"}],"wp:attachment":[{"href":"https:\/\/ospc.com.pl\/index.php\/wp-json\/wp\/v2\/media?parent=1541"}],"wp:term":[{"taxonomy":"category","embeddable":true,"href":"https:\/\/ospc.com.pl\/index.php\/wp-json\/wp\/v2\/categories?post=1541"},{"taxonomy":"post_tag","embeddable":true,"href":"https:\/\/ospc.com.pl\/index.php\/wp-json\/wp\/v2\/tags?post=1541"}],"curies":[{"name":"wp","href":"https:\/\/api.w.org\/{rel}","templated":true}]}}