{"id":1549,"date":"2025-02-28T02:30:05","date_gmt":"2025-02-28T01:30:05","guid":{"rendered":"http:\/\/ospc.com.pl\/?p=1549"},"modified":"2025-02-28T02:30:06","modified_gmt":"2025-02-28T01:30:06","slug":"uratowac-zycie-mlodym","status":"publish","type":"post","link":"https:\/\/ospc.com.pl\/index.php\/2025\/02\/28\/uratowac-zycie-mlodym\/","title":{"rendered":"Uratowa\u0107 \u017cycie m\u0142odym"},"content":{"rendered":"\n<p>Ch\u0119tnie m\u00f3wimy o takich inicjatywach, bo zdajemy sobie spraw\u0119 z tego, w jakim \u015bwiecie i w jakich czasach \u017cyjemy. Pandemia by\u0142a okresem, kiedy zamkni\u0119ci w domach i zdezorientowani nie radzili\u015bmy sobie z w\u0142asn\u0105 psychik\u0105, problemami osobistymi, l\u0119kami, emocjami&#8230; P\u0119dz\u0105ca inflacja, wysokie ceny, codzienna walka o byt, a za wschodni\u0105 granic\u0105 wojna &#8211; to nie s\u0105 okoliczno\u015bci, przy kt\u00f3rych nasz umys\u0142 odpoczywa. Do tego mn\u00f3stwo bod\u017ac\u00f3w z ka\u017cdej strony &#8211; z tym szczeg\u00f3lnie mierz\u0105 si\u0119 m\u0142odzi ludzie. A w tej inicjatywie chodzi o ich zdrowie psychiczne. <\/p>\n\n\n\n<p>Jak podaje Urz\u0105d Miasta Cz\u0119stochowy, dok\u0142adnie przez dwa dni, tj. 6 i 7 marca b\u0119dzie mo\u017cliwo\u015b\u0107 spotkania z naukowcami, ekspertami, urz\u0119dnikami. Pojawi\u0105 si\u0119 w siedzibie magistratu by porozmawia\u0107 o tym, jak przeciwdzia\u0142a\u0107 pr\u00f3bom samob\u00f3jczym w\u015br\u00f3d m\u0142odzie\u017cy. Przyjad\u0105 go\u015bcie m.in. z trzech ministerstw.<\/p>\n\n\n\n<p>Cytuj\u0105c komunikat Biura Prasowego: <\/p>\n\n\n\n<p><em>We wst\u0119pie do dokumentu zatytu\u0142owanego ,,Zachowania samob\u00f3jcze w\u015br\u00f3d dzieci i m\u0142odzie\u017cy. Raport za lata 2012-2021 na bazie danych Komendy G\u0142\u00f3wnej Policji\u201d, dost\u0119pnego na stronie Interdyscyplinarnego Zespo\u0142u Profilaktyki Zachowa\u0144 Samob\u00f3jczych, czytamy: ,,Nie ma jednej prostej odpowiedzi na pytanie, dlaczego ludzie odbieraj\u0105 sobie \u017cycie. Aby zrozumie\u0107 t\u0119 tragiczn\u0105 decyzj\u0119, nale\u017cy g\u0142\u0119biej przyjrze\u0107 si\u0119 nie tylko powodom, kt\u00f3re stoj\u0105 za tym czynem, ale tak\u017ce warunkom, w jakich ta decyzja jest podejmowana. W Polsce wi\u0119cej os\u00f3b ginie w wyniku samob\u00f3jstw, ni\u017c w wypadkach samochodowych. (\u2026) Na ka\u017cd\u0105 28-osobow\u0105 klas\u0119 przypada \u015brednio dw\u00f3ch uczni\u00f3w po pr\u00f3bie samob\u00f3jczej. Ka\u017cde samob\u00f3jstwo i pr\u00f3ba samob\u00f3jcza wp\u0142ywa nawet na 20 os\u00f3b z najbli\u017cszego otoczenia.\u201d I dalej: ,,Samob\u00f3jstwom mo\u017cna zapobiega\u0107. Nie tylko u\u0142atwiaj\u0105c dost\u0119p do pomocy psychologicznej czy psychiatrycznej, ale tak\u017ce dzi\u0119ki edukacji spo\u0142ecznej. Uczymy si\u0119, jak udziela\u0107 pierwszej pomocy przy wypadku samochodowym czy zawale, tak samo powinni\u015bmy uczy\u0107 si\u0119 udzielania pierwszej pomocy emocjonalnej. Ona te\u017c mo\u017ce uratowa\u0107 czyje\u015b \u017cycie.\u201d<\/em><\/p>\n\n\n\n<p>W czerwcu 2023 roku Biuro Rzecznika Praw Dziecka przeprowadzi\u0142o badanie, kt\u00f3re mia\u0142o na celu ustalenie jak m\u0142odzie\u017c ocenia dost\u0119pno\u015b\u0107 wsparcia w sytuacji zagro\u017cenia samob\u00f3jstwem. Kwestionariusz wype\u0142ni\u0142o 2727 uczennic i uczni\u00f3w ze 118 plac\u00f3wek o\u015bwiatowych w ca\u0142ym kraju. Raport z badania stwierdza m.in., \u017ce <em>\u201eskala my\u015bli i zachowa\u0144 samob\u00f3jczych w\u015br\u00f3d os\u00f3b m\u0142odych jest alarmuj\u0105co wysoka. Co trzeci ucze\u0144 wskaza\u0142, \u017ce zna osob\u0119 niepe\u0142noletni\u0105, kt\u00f3ra w ci\u0105gu ostatniego miesi\u0105ca mia\u0142a przynajmniej raz my\u015bli samob\u00f3jcze \u2013 m\u0142odzi znaj\u0105 \u015brednio trzy takie osoby\u201d.<\/em><\/p>\n\n\n\n<p>Dlatego te\u017c 6 i 7 marca w Sali Sesyjnej odb\u0119dzie si\u0119 konferencja, kt\u00f3ra poruszy te trudne zagadnienia.  <\/p>\n\n\n\n<p>Jak informuje magistrat, pierwszy dzie\u0144 skupi si\u0119 wok\u00f3\u0142 kwestii formalnych. Urz\u0119dnicy i przedstawiciele innych instytucji pa\u0144stwowych porozmawiaj\u0105 o standardach post\u0119powania w sytuacjach suicydalnych w szko\u0142ach oraz dzia\u0142aniach resortu edukacji na rzecz dobrostanu m\u0142odzie\u017cy.  Na miejscu pojawi si\u0119 Paulina Piechna-Wi\u0119ckiewicz \u2013 podsekretarz stanu w Ministerstwie Edukacji Narodowej. Sekretarz stanu w Ministerstwie Zdrowia Wojciech Konieczny przedstawi za\u0142o\u017cenia Krajowego Programu Zapobiegania Samob\u00f3jstwom. Z kolei o roli Standard\u00f3w Ochrony Ma\u0142oletnich w zapobieganiu pr\u00f3bom samob\u00f3jczym m\u00f3wi\u0107 b\u0119dzie Mateusz Korzeniowski z Ministerstwa Sprawiedliwo\u015bci.<\/p>\n\n\n\n<p>Drugiego dnia tematem rozmowy b\u0119dzie szko\u0142a i jej \u015brodowisko. Wypowiedz\u0105 si\u0119 psycholodzy, pedagodzy, terapeuci oraz interwenci kryzysowi &#8211; ci, kt\u00f3rzy znaj\u0105 temat w praktyce. <\/p>\n\n\n\n<p><\/p>\n\n\n\n<p>Info za: UM Cz\u0119stochowa<\/p>\n","protected":false},"excerpt":{"rendered":"<p>Ch\u0119tnie m\u00f3wimy o takich inicjatywach, bo zdajemy sobie spraw\u0119 z tego, w jakim \u015bwiecie i w jakich czasach \u017cyjemy. Pandemia by\u0142a okresem,&#8230;<\/p>\n","protected":false},"author":3,"featured_media":1550,"comment_status":"open","ping_status":"open","sticky":false,"template":"","format":"standard","meta":[],"categories":[4],"tags":[],"jetpack_featured_media_url":"https:\/\/ospc.com.pl\/wp-content\/uploads\/2025\/02\/eric-ward-akT1bnnuMMk-unsplash-scaled.jpg","_links":{"self":[{"href":"https:\/\/ospc.com.pl\/index.php\/wp-json\/wp\/v2\/posts\/1549"}],"collection":[{"href":"https:\/\/ospc.com.pl\/index.php\/wp-json\/wp\/v2\/posts"}],"about":[{"href":"https:\/\/ospc.com.pl\/index.php\/wp-json\/wp\/v2\/types\/post"}],"author":[{"embeddable":true,"href":"https:\/\/ospc.com.pl\/index.php\/wp-json\/wp\/v2\/users\/3"}],"replies":[{"embeddable":true,"href":"https:\/\/ospc.com.pl\/index.php\/wp-json\/wp\/v2\/comments?post=1549"}],"version-history":[{"count":1,"href":"https:\/\/ospc.com.pl\/index.php\/wp-json\/wp\/v2\/posts\/1549\/revisions"}],"predecessor-version":[{"id":1551,"href":"https:\/\/ospc.com.pl\/index.php\/wp-json\/wp\/v2\/posts\/1549\/revisions\/1551"}],"wp:featuredmedia":[{"embeddable":true,"href":"https:\/\/ospc.com.pl\/index.php\/wp-json\/wp\/v2\/media\/1550"}],"wp:attachment":[{"href":"https:\/\/ospc.com.pl\/index.php\/wp-json\/wp\/v2\/media?parent=1549"}],"wp:term":[{"taxonomy":"category","embeddable":true,"href":"https:\/\/ospc.com.pl\/index.php\/wp-json\/wp\/v2\/categories?post=1549"},{"taxonomy":"post_tag","embeddable":true,"href":"https:\/\/ospc.com.pl\/index.php\/wp-json\/wp\/v2\/tags?post=1549"}],"curies":[{"name":"wp","href":"https:\/\/api.w.org\/{rel}","templated":true}]}}