{"id":1555,"date":"2025-03-04T23:00:00","date_gmt":"2025-03-04T22:00:00","guid":{"rendered":"http:\/\/ospc.com.pl\/?p=1555"},"modified":"2025-03-05T23:07:36","modified_gmt":"2025-03-05T22:07:36","slug":"rusza-rekrutacja-do-szkol-podstawowych-znamy-terminy-i-kryteria","status":"publish","type":"post","link":"https:\/\/ospc.com.pl\/index.php\/2025\/03\/04\/rusza-rekrutacja-do-szkol-podstawowych-znamy-terminy-i-kryteria\/","title":{"rendered":"Rusza rekrutacja do szk\u00f3\u0142 podstawowych &#8211; znamy terminy i kryteria"},"content":{"rendered":"\n<p>Mamy wa\u017cn\u0105 informacj\u0119 dla rodzic\u00f3w &#8211; w\u0142a\u015bnie startuje rekrutacja do szk\u00f3\u0142 podstawowych w naszych mie\u015bcie. Od 3 marca trwa nab\u00f3r do klas I publicznych szk\u00f3\u0142 podstawowych na rok szkolny 2025\/2026. <\/p>\n\n\n\n<p>Cz\u0119stochowski magistrat informuje, \u017ce nab\u00f3r do klas I szk\u00f3\u0142 podstawowych odbywa si\u0119 z wykorzystaniem systemu elektronicznego. Natomiast zamkni\u0119cie systemu nast\u0105pi 17 marca 2025 r. o godz. 15.00. W komunikacie czytamy tak\u017ce, \u017ce je\u015bli rodzic nie b\u0119dzie mia\u0142 mo\u017cliwo\u015bci elektronicznego wype\u0142nienia zg\u0142oszenia\/wniosku, musi zg\u0142osi\u0107 si\u0119 do szko\u0142y podstawowej w obwodzie. Dalszych informacji udzieli dyrektor szko\u0142y. Przy wykorzystaniu systemu elektronicznego \u017cadnego znaczenia nie ma kolejno\u015b\u0107 uzupe\u0142niania i sk\u0142adania wniosk\u00f3w &#8211; pod warunkiem zachowania obowi\u0105zuj\u0105cych termin\u00f3w.<\/p>\n\n\n\n<p><br \/>System pozwala na kandydowanie r\u00f3wnocze\u015bnie do 3 oddzia\u0142\u00f3w klas I szk\u00f3\u0142 podstawowych w kolejno\u015bci zgodnej z preferencj\u0105.<\/p>\n\n\n\n<p>Rekrutacja dzieci z niepe\u0142nosprawno\u015bciami, posiadaj\u0105cych orzeczenie o potrzebie kszta\u0142cenia specjalnego w oddzia\u0142ach integracyjnych szk\u00f3\u0142 podstawowych jest przeprowadzona odr\u0119bnie. Rodzice tych dzieci zg\u0142aszaj\u0105 si\u0119 bezpo\u015brednio do w\u0142a\u015bciwej plac\u00f3wki integracyjnej lub z oddzia\u0142ami integracyjnymi, w kt\u00f3rej jest prowadzony nab\u00f3r i tam sk\u0142adaj\u0105 wnioski. <\/p>\n\n\n\n<p><a href=\"https:\/\/dzienniki.slask.eu\/WDU_S\/2022\/8533\/akt.pdf\">Tutaj <\/a>wi\u0119cej informacji o kryteriach, a <a href=\"https:\/\/bip.czestochowa.pl\/zarzadzenie\/1184844\/zarzadzenie-nr-372-2025\">tu terminy<\/a> rekrutacji. <\/p>\n\n\n\n<p>Info za: UM Cz\u0119stochowy<\/p>\n","protected":false},"excerpt":{"rendered":"<p>Mamy wa\u017cn\u0105 informacj\u0119 dla rodzic\u00f3w &#8211; w\u0142a\u015bnie startuje rekrutacja do szk\u00f3\u0142 podstawowych w naszych mie\u015bcie. Od 3 marca trwa nab\u00f3r do klas&#8230;<\/p>\n","protected":false},"author":3,"featured_media":1556,"comment_status":"open","ping_status":"open","sticky":false,"template":"","format":"standard","meta":[],"categories":[4],"tags":[73],"jetpack_featured_media_url":"https:\/\/ospc.com.pl\/wp-content\/uploads\/2025\/03\/element5-digital-OyCl7Y4y0Bk-unsplash-scaled.jpg","_links":{"self":[{"href":"https:\/\/ospc.com.pl\/index.php\/wp-json\/wp\/v2\/posts\/1555"}],"collection":[{"href":"https:\/\/ospc.com.pl\/index.php\/wp-json\/wp\/v2\/posts"}],"about":[{"href":"https:\/\/ospc.com.pl\/index.php\/wp-json\/wp\/v2\/types\/post"}],"author":[{"embeddable":true,"href":"https:\/\/ospc.com.pl\/index.php\/wp-json\/wp\/v2\/users\/3"}],"replies":[{"embeddable":true,"href":"https:\/\/ospc.com.pl\/index.php\/wp-json\/wp\/v2\/comments?post=1555"}],"version-history":[{"count":1,"href":"https:\/\/ospc.com.pl\/index.php\/wp-json\/wp\/v2\/posts\/1555\/revisions"}],"predecessor-version":[{"id":1557,"href":"https:\/\/ospc.com.pl\/index.php\/wp-json\/wp\/v2\/posts\/1555\/revisions\/1557"}],"wp:featuredmedia":[{"embeddable":true,"href":"https:\/\/ospc.com.pl\/index.php\/wp-json\/wp\/v2\/media\/1556"}],"wp:attachment":[{"href":"https:\/\/ospc.com.pl\/index.php\/wp-json\/wp\/v2\/media?parent=1555"}],"wp:term":[{"taxonomy":"category","embeddable":true,"href":"https:\/\/ospc.com.pl\/index.php\/wp-json\/wp\/v2\/categories?post=1555"},{"taxonomy":"post_tag","embeddable":true,"href":"https:\/\/ospc.com.pl\/index.php\/wp-json\/wp\/v2\/tags?post=1555"}],"curies":[{"name":"wp","href":"https:\/\/api.w.org\/{rel}","templated":true}]}}