{"id":1566,"date":"2025-03-02T23:31:00","date_gmt":"2025-03-02T22:31:00","guid":{"rendered":"http:\/\/ospc.com.pl\/?p=1566"},"modified":"2025-03-05T23:34:59","modified_gmt":"2025-03-05T22:34:59","slug":"dofinansowanie-dla-bezrobotnych-bedzie-nowe-wsparcie","status":"publish","type":"post","link":"https:\/\/ospc.com.pl\/index.php\/2025\/03\/02\/dofinansowanie-dla-bezrobotnych-bedzie-nowe-wsparcie\/","title":{"rendered":"Dofinansowanie dla bezrobotnych &#8211; b\u0119dzie nowe wsparcie"},"content":{"rendered":"\n<p>Jest dobra wiadomo\u015b\u0107 dla os\u00f3b poszukuj\u0105cych pracy w naszym mie\u015bcie. Powiatowy Urz\u0105d Pracy w Cz\u0119stochowie od stycznia realizuje projekt o warto\u015bci 15,3 mln z\u0142 &#8211; wsp\u00f3\u0142finansowany ze \u015brodk\u00f3w europejskich &#8211; program aktywizacji os\u00f3b bezrobotnych zarejestrowanych w cz\u0119stochowskiej plac\u00f3wce. <\/p>\n\n\n\n<p>Projekt jest skierowany do dw\u00f3ch grup:<\/p>\n\n\n\n<ul><li>os\u00f3b m\u0142odych w wieku 18-29 lat (kobiety i m\u0119\u017cczy\u017ani), zw\u0142aszcza: m\u0142odzie\u017c NEET, osoby samotnie wychowuj\u0105ce dzieci, osoby opuszczaj\u0105ce piecz\u0119 zast\u0119pcz\u0105, osoby pochodzenia migranckiego;<\/li><li>os\u00f3b powy\u017cej 30. roku \u017cycia, zw\u0142aszcza znajduj\u0105cych si\u0119 w najtrudniejszej sytuacji na rynku pracy, tj.: kobiety, osoby w wieku 50 lat i wi\u0119cej, osoby z niepe\u0142nosprawno\u015bciami, osoby d\u0142ugotrwale bezrobotne, osoby o niskich kwalifikacjach.<\/li><\/ul>\n\n\n\n<p>Jak informuje PUP i cz\u0119stochowski magistrat, w okresie realizacji projektu (od 01.01.2025 r. do 31.12.2026 r.) jego uczestnicy\/uczestniczki b\u0119d\u0105 obj\u0119ci wsparciem w postaci: po\u015brednictwa pracy lub poradnictwa zawodowego, sta\u017cy, jednorazowych \u015brodk\u00f3w na podj\u0119cie dzia\u0142alno\u015bci gospodarczej, refundacji koszt\u00f3w wyposa\u017cenia lub doposa\u017cenia stanowiska pracy czy prac interwencyjnych.<\/p>\n\n\n\n<p>Warto\u015b\u0107 projektu wynosi 15,3 mln z\u0142, w tym dofinansowanie z UE 13 mln z\u0142 oraz z bud\u017cetu Pa\u0144stwa 2,3 mln z\u0142. Projektu pn. \u201eAktywizacja os\u00f3b bezrobotnych zarejestrowanych w Powiatowym Urz\u0119dzie Pracy w Cz\u0119stochowie II\u201d jest wsp\u00f3\u0142finansowany ze \u015brodk\u00f3w Europejskiego Funduszu Spo\u0142ecznego Plus (EFS+) w ramach Programu Fundusze Europejskie dla \u015al\u0105skiego 2021-2027, Priorytet FESL.05 Fundusze Europejskie dla rynku pracy, Dzia\u0142anie FESL.05.01 Aktywizacja zawodowa poprzez PUP.<\/p>\n\n\n\n<p><a href=\"https:\/\/czestochowa.praca.gov.pl\/-\/aktywizacja-osob-bezrobotnych-zarejestrowanych-w-powiatowym-urzedzie-pracy-w-czestochowie-ii\">Tutaj szczeg\u00f3\u0142y. <\/a><\/p>\n\n\n\n<p>Info i foto za: UM Cz\u0119stochowa<\/p>\n","protected":false},"excerpt":{"rendered":"<p>Jest dobra wiadomo\u015b\u0107 dla os\u00f3b poszukuj\u0105cych pracy w naszym mie\u015bcie. Powiatowy Urz\u0105d Pracy w Cz\u0119stochowie od stycznia realizuje projekt o warto\u015bci 15,3&#8230;<\/p>\n","protected":false},"author":3,"featured_media":1567,"comment_status":"open","ping_status":"open","sticky":false,"template":"","format":"standard","meta":[],"categories":[4],"tags":[77],"jetpack_featured_media_url":"https:\/\/ospc.com.pl\/wp-content\/uploads\/2025\/03\/80635.jpg","_links":{"self":[{"href":"https:\/\/ospc.com.pl\/index.php\/wp-json\/wp\/v2\/posts\/1566"}],"collection":[{"href":"https:\/\/ospc.com.pl\/index.php\/wp-json\/wp\/v2\/posts"}],"about":[{"href":"https:\/\/ospc.com.pl\/index.php\/wp-json\/wp\/v2\/types\/post"}],"author":[{"embeddable":true,"href":"https:\/\/ospc.com.pl\/index.php\/wp-json\/wp\/v2\/users\/3"}],"replies":[{"embeddable":true,"href":"https:\/\/ospc.com.pl\/index.php\/wp-json\/wp\/v2\/comments?post=1566"}],"version-history":[{"count":1,"href":"https:\/\/ospc.com.pl\/index.php\/wp-json\/wp\/v2\/posts\/1566\/revisions"}],"predecessor-version":[{"id":1568,"href":"https:\/\/ospc.com.pl\/index.php\/wp-json\/wp\/v2\/posts\/1566\/revisions\/1568"}],"wp:featuredmedia":[{"embeddable":true,"href":"https:\/\/ospc.com.pl\/index.php\/wp-json\/wp\/v2\/media\/1567"}],"wp:attachment":[{"href":"https:\/\/ospc.com.pl\/index.php\/wp-json\/wp\/v2\/media?parent=1566"}],"wp:term":[{"taxonomy":"category","embeddable":true,"href":"https:\/\/ospc.com.pl\/index.php\/wp-json\/wp\/v2\/categories?post=1566"},{"taxonomy":"post_tag","embeddable":true,"href":"https:\/\/ospc.com.pl\/index.php\/wp-json\/wp\/v2\/tags?post=1566"}],"curies":[{"name":"wp","href":"https:\/\/api.w.org\/{rel}","templated":true}]}}