{"id":1577,"date":"2025-03-07T00:06:00","date_gmt":"2025-03-06T23:06:00","guid":{"rendered":"http:\/\/ospc.com.pl\/?p=1577"},"modified":"2025-03-10T00:12:02","modified_gmt":"2025-03-09T23:12:02","slug":"niesamowite-odkrycie","status":"publish","type":"post","link":"https:\/\/ospc.com.pl\/index.php\/2025\/03\/07\/niesamowite-odkrycie\/","title":{"rendered":"Niesamowite odkrycie!"},"content":{"rendered":"\n<p>Informacja obieg\u0142a ju\u017c ca\u0142\u0105 Cz\u0119stochow\u0119. To wa\u017cne odkrycie w dziedzinie kultury. W stoj\u0105cej pod Jasn\u0105 G\u00f3r\u0105 multimedialnej Kaplicy Syksty\u0144skiej przy ul. Ole\u0144ki oficjalnie og\u0142oszono odnalezienie szkicu &#8222;S\u0105du Ostatecznego&#8221;, kt\u00f3rego autorem z bardzo du\u017cym prawdopodobie\u0144stwem jest sam Micha\u0142 Anio\u0142. <em>Temu wybitnemu mistrzowi renesansu dzie\u0142o, na podstawie kt\u00f3rego wiele lat p\u00f3\u017aniej stworzy\u0142 s\u0142ynny fresk, zosta\u0142o przypisane po pi\u0119ciu latach analiz i bada\u0144 ekspert\u00f3w z r\u00f3\u017cnych dziedzin nauki. Pikanterii dodaje fakt, \u017ce szkic jest w posiadaniu polskiego kolekcjonera, kt\u00f3ry zakupi\u0142 go na aukcji w Szwajcarii jako rysunek bez przypisanego autorstwa<\/em> &#8211; czytamy w komunikacie cz\u0119stochowskiego magistratu.<\/p>\n\n\n\n<p>Premier\u0119 sensacyjnego odkrycia zorganizowa\u0142 Dom Emisyjny Manuscriptum we wsp\u00f3\u0142pracy z Gda\u0144skim Kantorem Sztuki. Odkrycie komentowa\u0142 prof. Jerzy Mizio\u0142ek \u2013 wybitny europejski znawca tw\u00f3rczo\u015bci Micha\u0142a Anio\u0142a. Prezentowano r\u00f3wnie\u017c dowody na autentyczno\u015b\u0107 odkrycia. Na koniec ods\u0142oni\u0119to kopi\u0119 szkicu. W 2019 roku &#8211; na zlecenie polskiego kolekcjonera sztuki &#8211; szkic do fresku z Kaplicy Syksty\u0144skiej zosta\u0142 nabyty na aukcji w Domu Aukcyjnym Koller w Szwajcarii. Wykonany na pergaminie cienkim pi\u00f3rkiem, br\u0105zowym tuszem. Rozwa\u017caj\u0105c w\u00f3wczas autorstwo tego szkicu wskazywano na Giulio Clovio (1498\u20131578), jednego z najbli\u017cszych wsp\u00f3\u0142pracownik\u00f3w Micha\u0142a Anio\u0142a (1475\u20131564). Kolekcjoner-nabywca po zasi\u0119gni\u0119ciu opinii o swoim nowym nabytku w Gda\u0144skim Kantorze Sztuki, galerii o przesz\u0142o 44-letniej ugruntowanej tradycji i renomie, postanowi\u0142 podda\u0107 szkic interdyscyplinarnym badaniom naukowym. Analizy ikonograficzne, historyczne i stylistyczne nad szkicem podj\u0105\u0142 si\u0119 polski badacz prof. Juliusz A. Chro\u015bcicki z Uniwersytetu Warszawskiego, z udzia\u0142em dr Katarzyny Krzy\u017cag\u00f3rskiej-Pisarek z Londynu. Bada\u0144 konserwatorsko\u2013technologicznych, analizy spektroskopowej, mikroskopowej podj\u0119li si\u0119 eksperci innych renomowanych instytucji; prof. Tomasz Kozielec, kierownik Katedry Konserwacji Papieru i Sk\u00f3ry na Wydziale Sztuk Pi\u0119knych Uniwersytetu Miko\u0142aja Kopernika w Toruniu; prof. Tomasz \u0141ojewski z Wydzia\u0142u In\u017cynierii Materia\u0142owej i Ceramiki AGH w Krakowie.<\/p>\n\n\n\n<p>Jak czytamy, 2 toku bada\u0144 uwzgl\u0119dniono liczne aspekty, zwracaj\u0105c uwag\u0119 na:<br \/>\u2022 technik\u0119 wykonania rysunku, charakterystyczn\u0105 dla warsztatu Micha\u0142a Anio\u0142a, oraz unikalne cechy kompozycyjne szkicu odr\u00f3\u017cniaj\u0105ce go od znanych kopii i na\u015bladownictw;<br \/>\u2022 pergamin jako pod\u0142o\u017ce szkicu, w tamtych czasach rzadko u\u017cywane przez artyst\u00f3w, co podkre\u015bla presti\u017cowy charakter artefaktu i t\u0142umaczy potencjalny zwi\u0105zek z papieskim zleceniem;<br \/>\u2022 \u017celazowo-galusowy atrament, typowy dla szkic\u00f3w czas\u00f3w Micha\u0142a Anio\u0142a;<br \/>\u2022 precyzyjne odwzorowanie anatomicznych detali postaci, charakteryzuj\u0105ce r\u0119k\u0119 Buonarottiego.<\/p>\n\n\n\n<p>\u201eS\u0105d Ostateczny\u201d to jeden z najbardziej fascynuj\u0105cych i kontrowersyjnych przyk\u0142ad\u00f3w tw\u00f3rczo\u015bci Micha\u0142a Anio\u0142a. Na temat tego, czy fresk powsta\u0142 na podstawie szkicu, czy \u201cod r\u0119ki\u201d, od lat spieraj\u0105 si\u0119 r\u00f3\u017cni badacze historii sztuki. \u0179r\u00f3d\u0142a, takie jak np. \u201e\u017bywoty najs\u0142awniejszych malarzy, rze\u017abiarzy i architekt\u00f3w\u201d Giorgia Vasariego, wspominaj\u0105 o wczesnych szkicach Micha\u0142a Anio\u0142a do fresku \u201eS\u0105d Ostateczny\u201d, ale \u017cadne nie wskazywa\u0142o, gdzie go szuka\u0107 i czy przetrwa\u0142 do naszych czas\u00f3w.<\/p>\n\n\n\n<p>info i foto za: UM Cz\u0119stochowy<\/p>\n\n\n\n<p><\/p>\n\n\n\n<p><\/p>\n\n\n\n<p><\/p>\n\n\n\n<p><\/p>\n","protected":false},"excerpt":{"rendered":"<p>Informacja obieg\u0142a ju\u017c ca\u0142\u0105 Cz\u0119stochow\u0119. To wa\u017cne odkrycie w dziedzinie kultury. W stoj\u0105cej pod Jasn\u0105 G\u00f3r\u0105 multimedialnej Kaplicy Syksty\u0144skiej przy ul. Ole\u0144ki&#8230;<\/p>\n","protected":false},"author":3,"featured_media":1420,"comment_status":"open","ping_status":"open","sticky":false,"template":"","format":"standard","meta":[],"categories":[13,59],"tags":[31,79],"jetpack_featured_media_url":"https:\/\/ospc.com.pl\/wp-content\/uploads\/2025\/01\/d08i0122.jpg","_links":{"self":[{"href":"https:\/\/ospc.com.pl\/index.php\/wp-json\/wp\/v2\/posts\/1577"}],"collection":[{"href":"https:\/\/ospc.com.pl\/index.php\/wp-json\/wp\/v2\/posts"}],"about":[{"href":"https:\/\/ospc.com.pl\/index.php\/wp-json\/wp\/v2\/types\/post"}],"author":[{"embeddable":true,"href":"https:\/\/ospc.com.pl\/index.php\/wp-json\/wp\/v2\/users\/3"}],"replies":[{"embeddable":true,"href":"https:\/\/ospc.com.pl\/index.php\/wp-json\/wp\/v2\/comments?post=1577"}],"version-history":[{"count":1,"href":"https:\/\/ospc.com.pl\/index.php\/wp-json\/wp\/v2\/posts\/1577\/revisions"}],"predecessor-version":[{"id":1578,"href":"https:\/\/ospc.com.pl\/index.php\/wp-json\/wp\/v2\/posts\/1577\/revisions\/1578"}],"wp:featuredmedia":[{"embeddable":true,"href":"https:\/\/ospc.com.pl\/index.php\/wp-json\/wp\/v2\/media\/1420"}],"wp:attachment":[{"href":"https:\/\/ospc.com.pl\/index.php\/wp-json\/wp\/v2\/media?parent=1577"}],"wp:term":[{"taxonomy":"category","embeddable":true,"href":"https:\/\/ospc.com.pl\/index.php\/wp-json\/wp\/v2\/categories?post=1577"},{"taxonomy":"post_tag","embeddable":true,"href":"https:\/\/ospc.com.pl\/index.php\/wp-json\/wp\/v2\/tags?post=1577"}],"curies":[{"name":"wp","href":"https:\/\/api.w.org\/{rel}","templated":true}]}}