{"id":1596,"date":"2025-03-13T01:24:12","date_gmt":"2025-03-13T00:24:12","guid":{"rendered":"http:\/\/ospc.com.pl\/?p=1596"},"modified":"2025-03-13T01:24:13","modified_gmt":"2025-03-13T00:24:13","slug":"na-wiosne-wybierz-sie-na-mammografie","status":"publish","type":"post","link":"https:\/\/ospc.com.pl\/index.php\/2025\/03\/13\/na-wiosne-wybierz-sie-na-mammografie\/","title":{"rendered":"Na wiosn\u0119 wybierz si\u0119 na mammografi\u0119"},"content":{"rendered":"\n<p>Idzie wiosna, warto wraz z przyrod\u0105 budz\u0105c\u0105 si\u0119 do \u017cycia pomy\u015ble\u0107 o sobie. Tradycyjnie zach\u0119camy do skorzystania z bezp\u0142atnej mammografii. Ju\u017c nied\u0142ugo b\u0119dzie ku temu okazja! <\/p>\n\n\n\n<p>W mie\u015bcie pojawi si\u0119 mammobus. Zaparkuje w Cz\u0119stochowie w kwietniu. <\/p>\n\n\n\n<p>Przypominamy, \u017ce z bezp\u0142atnego badania, realizowanego w ramach Programu Profilaktyki Raka Piersi, mog\u0105 skorzysta\u0107 Panie w wieku od 45 do 74 lat, kt\u00f3re nie by\u0142y leczone z powodu raka piersi oraz:<\/p>\n\n\n\n<ul><li>nie mia\u0142y w przeci\u0105gu ostatnich 24 miesi\u0119cy zdiagnozowanej z\u0142o\u015bliwej zmiany nowotworowej w piersi,<\/li><li>co 12 miesi\u0119cy, je\u015bli zako\u0144czy\u0142y leczenie raka piersi i 5-letni proces monitorowania po zako\u0144czonym leczeniu,<\/li><li>co 12 miesi\u0119cy, je\u015bli po 5 latach od leczenia chirurgicznego raka piersi pozostaj\u0105 w trakcie uzupe\u0142niaj\u0105cej hormonoterapii.<\/li><\/ul>\n\n\n\n<p>Wy\u0142\u0105czone z programu s\u0105 kobiety obj\u0119te \u201eOpiek\u0105 nad rodzinami wysokiego, dziedzicznie uwarunkowanego ryzyka zachorowania na raka piersi lub raka jajnika\u201d lub \u201eKompleksow\u0105 opiek\u0105 onkologiczn\u0105 nad \u015bwiadczeniobiorc\u0105 z nowotworem piersi\u201d.<\/p>\n\n\n\n<p>Mobilna pracownia mammograficzna b\u0119dzie do dyspozycji Pa\u0144 przy markecie Auchan (przy ul. Focha 7\/15):<\/p>\n\n\n\n<ul><li>16 kwietnia w godzinach od 10:00 do 18:00,<\/li><li>17 kwietnia w godzinach od 8:20 do 17:00.<\/li><\/ul>\n\n\n\n<p>Organizator prosi o wcze\u015bniejsz\u0105 rejestracj\u0119 pod nr tel. 22 880 90 80 lub na stronie.<br \/>W badaniu finansowanym przez NFZ mo\u017cna wzi\u0105\u0107 udzia\u0142 niezale\u017cnie od miejsca zamieszkania i bez skierowania lekarskiego.<\/p>\n\n\n\n<p>Zadbajcie o siebie! <\/p>\n\n\n\n<p>info za: UM Cz\u0119stochowa<\/p>\n","protected":false},"excerpt":{"rendered":"<p>Idzie wiosna, warto wraz z przyrod\u0105 budz\u0105c\u0105 si\u0119 do \u017cycia pomy\u015ble\u0107 o sobie. Tradycyjnie zach\u0119camy do skorzystania z bezp\u0142atnej mammografii. Ju\u017c nied\u0142ugo&#8230;<\/p>\n","protected":false},"author":3,"featured_media":1597,"comment_status":"open","ping_status":"open","sticky":false,"template":"","format":"standard","meta":[],"categories":[4],"tags":[44],"jetpack_featured_media_url":"https:\/\/ospc.com.pl\/wp-content\/uploads\/2025\/03\/53478.jpg","_links":{"self":[{"href":"https:\/\/ospc.com.pl\/index.php\/wp-json\/wp\/v2\/posts\/1596"}],"collection":[{"href":"https:\/\/ospc.com.pl\/index.php\/wp-json\/wp\/v2\/posts"}],"about":[{"href":"https:\/\/ospc.com.pl\/index.php\/wp-json\/wp\/v2\/types\/post"}],"author":[{"embeddable":true,"href":"https:\/\/ospc.com.pl\/index.php\/wp-json\/wp\/v2\/users\/3"}],"replies":[{"embeddable":true,"href":"https:\/\/ospc.com.pl\/index.php\/wp-json\/wp\/v2\/comments?post=1596"}],"version-history":[{"count":1,"href":"https:\/\/ospc.com.pl\/index.php\/wp-json\/wp\/v2\/posts\/1596\/revisions"}],"predecessor-version":[{"id":1598,"href":"https:\/\/ospc.com.pl\/index.php\/wp-json\/wp\/v2\/posts\/1596\/revisions\/1598"}],"wp:featuredmedia":[{"embeddable":true,"href":"https:\/\/ospc.com.pl\/index.php\/wp-json\/wp\/v2\/media\/1597"}],"wp:attachment":[{"href":"https:\/\/ospc.com.pl\/index.php\/wp-json\/wp\/v2\/media?parent=1596"}],"wp:term":[{"taxonomy":"category","embeddable":true,"href":"https:\/\/ospc.com.pl\/index.php\/wp-json\/wp\/v2\/categories?post=1596"},{"taxonomy":"post_tag","embeddable":true,"href":"https:\/\/ospc.com.pl\/index.php\/wp-json\/wp\/v2\/tags?post=1596"}],"curies":[{"name":"wp","href":"https:\/\/api.w.org\/{rel}","templated":true}]}}