{"id":1603,"date":"2025-03-15T00:10:00","date_gmt":"2025-03-14T23:10:00","guid":{"rendered":"http:\/\/ospc.com.pl\/?p=1603"},"modified":"2025-03-15T23:43:58","modified_gmt":"2025-03-15T22:43:58","slug":"kolejne-inwestycje-drogowe-przed-nami","status":"publish","type":"post","link":"https:\/\/ospc.com.pl\/index.php\/2025\/03\/15\/kolejne-inwestycje-drogowe-przed-nami\/","title":{"rendered":"Kolejne inwestycje drogowe przed nami"},"content":{"rendered":"\n<p>Wiemy, wiemy, to ju\u017c jest m\u0119cz\u0105ce. Ale co zrobisz, jak nic nie zrobisz? O co chodzi? Oczywi\u015bcie o nasze drogi! Nasze miasto przygotowuje si\u0119 do kolejnej inwestycji, kt\u00f3ra pewnie ucieszy mieszka\u0144c\u00f3w po jej zako\u0144czeniu, ale na razie mo\u017ce wywo\u0142a\u0107 irytacj\u0119. <\/p>\n\n\n\n<p>Dlaczego? Bo w naszym mie\u015bcie rozkopanych dr\u00f3g jest ca\u0142kiem sporo. Tyle, co wykaraskali\u015bmy si\u0119 z wielkiej przebudowy DK91, a ju\u017c wjechali\u015bmy w kolejne rozkopy &#8211; tym razem w okolicy Ronda Mickiewicza, bo to w\u0142a\u015bnie tam powstaje nowe po\u0142\u0105czenie komunikacyjne. Ulica 1 maja przed\u0142u\u017cona zostanie do ulicy Krakowskiej nowo powstaj\u0105cym wiaduktem, kt\u00f3ry b\u0119dzie bieg\u0142 nad torami kolejowymi. Miasto liczy, \u017ce to odci\u0105\u017cy ruch w alejach. Nie b\u0119dzie trzeba te\u017c nadk\u0142ada\u0107 specjalnie drogi, \u017ceby dosta\u0107 si\u0119 na drug\u0105 stron\u0119 Cz\u0119stochowy. <\/p>\n\n\n\n<p>Planowany jest tak\u017ce gruntowny remont Alei Naj\u015bwi\u0119tszej Maryi Panny, wraz z poszerzeniem jezdni i delikatnymi zmianami w infrastrukturze dla pieszych. Miejski Zarz\u0105d Dr\u00f3g podkre\u015bla jednak, \u017ce panuje nad chaosem i z tego wzgl\u0119du inwestycj\u0119 w alejach zacznie dopiero po zako\u0144czeniu budowy przed\u0142u\u017cenia ulicy 1 maja. <\/p>\n\n\n\n<p>W tak zwanym mi\u0119dzyczasie szykuje si\u0119 jednak do kolejnych rozkop\u00f3w &#8211; w kolejnej newralgicznej cz\u0119\u015bci miasta. Aleja Armii Krajowej ma r\u00f3wnie\u017c zosta\u0107 przebudowana. Tam ju\u017c zreszt\u0105 wyst\u0119puj\u0105 czasowe utrudnienia, takie jak zw\u0119\u017cenie jezdni do jednego pasa drogi, wi\u0119c b\u0105d\u017acie ostro\u017cni w tamtym rejonie &#8211; lubi si\u0119 korkowa\u0107. <\/p>\n\n\n\n<p>Przebudowywana jest tak\u017ce ulica Poleska w dzielnicy Parkitka, gdzie mieszka\u0144cy narzekaj\u0105 na wertepy szczeg\u00f3lnie deszczow\u0105 por\u0105. Podobnie ulica \u015bwi\u0119tej Kingi oraz ulica Srebrna. By\u0107 kierowc\u0105 w Cz\u0119stochowie nie jest \u0142atwo, ale za to jak wspaniale b\u0119dzie p\u00f3\u017aniej&#8230; Oby! <\/p>\n\n\n\n<p>\u017byczymy Wam cierpliwo\u015bci na drogach i nie jed\u017acie na pami\u0119\u0107. \u0141atwo si\u0119 teraz pogubi\u0107 \ud83d\ude42  <\/p>\n\n\n\n<figure class=\"wp-block-image size-large\"><a href=\"http:\/\/ospc.com.pl\/wp-content\/uploads\/2025\/03\/483314384_613030424864184_849416281925544619_n.jpg\"><img loading=\"lazy\" width=\"2048\" height=\"1536\" src=\"http:\/\/ospc.com.pl\/wp-content\/uploads\/2025\/03\/483314384_613030424864184_849416281925544619_n.jpg\" alt=\"\" class=\"wp-image-1605\" srcset=\"https:\/\/ospc.com.pl\/wp-content\/uploads\/2025\/03\/483314384_613030424864184_849416281925544619_n.jpg 2048w, https:\/\/ospc.com.pl\/wp-content\/uploads\/2025\/03\/483314384_613030424864184_849416281925544619_n-1536x1152.jpg 1536w\" sizes=\"(max-width: 2048px) 100vw, 2048px\" \/><\/a><\/figure>\n","protected":false},"excerpt":{"rendered":"<p>Wiemy, wiemy, to ju\u017c jest m\u0119cz\u0105ce. Ale co zrobisz, jak nic nie zrobisz? O co chodzi? Oczywi\u015bcie o nasze drogi! Nasze miasto&#8230;<\/p>\n","protected":false},"author":3,"featured_media":1604,"comment_status":"open","ping_status":"open","sticky":false,"template":"","format":"standard","meta":[],"categories":[4],"tags":[84],"jetpack_featured_media_url":"https:\/\/ospc.com.pl\/wp-content\/uploads\/2025\/03\/483190225_1144648837099682_59764993944136580_n.jpg","_links":{"self":[{"href":"https:\/\/ospc.com.pl\/index.php\/wp-json\/wp\/v2\/posts\/1603"}],"collection":[{"href":"https:\/\/ospc.com.pl\/index.php\/wp-json\/wp\/v2\/posts"}],"about":[{"href":"https:\/\/ospc.com.pl\/index.php\/wp-json\/wp\/v2\/types\/post"}],"author":[{"embeddable":true,"href":"https:\/\/ospc.com.pl\/index.php\/wp-json\/wp\/v2\/users\/3"}],"replies":[{"embeddable":true,"href":"https:\/\/ospc.com.pl\/index.php\/wp-json\/wp\/v2\/comments?post=1603"}],"version-history":[{"count":1,"href":"https:\/\/ospc.com.pl\/index.php\/wp-json\/wp\/v2\/posts\/1603\/revisions"}],"predecessor-version":[{"id":1606,"href":"https:\/\/ospc.com.pl\/index.php\/wp-json\/wp\/v2\/posts\/1603\/revisions\/1606"}],"wp:featuredmedia":[{"embeddable":true,"href":"https:\/\/ospc.com.pl\/index.php\/wp-json\/wp\/v2\/media\/1604"}],"wp:attachment":[{"href":"https:\/\/ospc.com.pl\/index.php\/wp-json\/wp\/v2\/media?parent=1603"}],"wp:term":[{"taxonomy":"category","embeddable":true,"href":"https:\/\/ospc.com.pl\/index.php\/wp-json\/wp\/v2\/categories?post=1603"},{"taxonomy":"post_tag","embeddable":true,"href":"https:\/\/ospc.com.pl\/index.php\/wp-json\/wp\/v2\/tags?post=1603"}],"curies":[{"name":"wp","href":"https:\/\/api.w.org\/{rel}","templated":true}]}}