{"id":1614,"date":"2025-03-19T00:22:00","date_gmt":"2025-03-18T23:22:00","guid":{"rendered":"http:\/\/ospc.com.pl\/?p=1614"},"modified":"2025-03-20T00:27:36","modified_gmt":"2025-03-19T23:27:36","slug":"rzasawy-dolaczone-do-ksse","status":"publish","type":"post","link":"https:\/\/ospc.com.pl\/index.php\/2025\/03\/19\/rzasawy-dolaczone-do-ksse\/","title":{"rendered":"Rz\u0105sawy do\u0142\u0105czone do KSSE"},"content":{"rendered":"\n<p>Si\u0142a inwestycyjna Rz\u0105saw ma si\u0119 zwi\u0119kszy\u0107 &#8211; informuje Urz\u0105d Miasta. Jak wynika z komunikatu, tereny nale\u017c\u0105ce do Jurajskiego Agro Fresh Parku i Regionalnego Funduszu Gospodarczego zosta\u0142y w\u0142\u0105czone do oferty Katowickiej Specjalnej Strefy Ekonomicznej. W tej sprawie podpisano tr\u00f3jstronne porozumienie.<\/p>\n\n\n\n<p>Umowy zawarte dzisiaj w Cz\u0119stochowskim Parku Przemys\u0142owo-Technologicznym pozwalaj\u0105 na pe\u0142n\u0105 aktywizacj\u0119 nale\u017c\u0105cej do obu sp\u00f3\u0142ek nieruchomo\u015bci przy ul. Po\u0142anieckiej, a co za tym idzie s\u0105 nowym otwarciem na du\u017ce inwestycje w dzielnicy Rz\u0105sawy &#8211; informuje miasto. Mowa o terenie z powierzchni\u0105 prawie 85 hektar\u00f3w, w kt\u00f3rych, jak m\u00f3wi Prezydent Miasta, Krzysztof Matyjaszczyk, <em>tkwi niebagatelny potencja\u0142 gospodarczy, mog\u0105cy prze\u0142o\u017cy\u0107 si\u0119 na obecno\u015b\u0107 nowych inwestor\u00f3w i technologii, setki nowych miejsc pracy. To szansa dla os\u00f3b szukaj\u0105cych atrakcyjnych ofert pracy<\/em>. <\/p>\n\n\n\n<p>KSSE deklaruje, \u017ce teren b\u0119dzie elementem jej oferty inwestycyjnej &#8211; czytamy. A to znaczy, \u017ce Strefa b\u0119dzie teren promowa\u0107, udziela\u0107 informacji przedsi\u0119biorcom chc\u0105cym uzyska\u0107 wsparcia swoich inwestycji, pozostaj\u0105c przy tym w sta\u0142ym kontakcie ze stronami porozumienia w kwestii zaawansowania przygotowania terenu.<\/p>\n\n\n\n<p>Info i foto za: UM Cz\u0119stochowy<\/p>\n","protected":false},"excerpt":{"rendered":"<p>Si\u0142a inwestycyjna Rz\u0105saw ma si\u0119 zwi\u0119kszy\u0107 &#8211; informuje Urz\u0105d Miasta. Jak wynika z komunikatu, tereny nale\u017c\u0105ce do Jurajskiego Agro Fresh Parku i&#8230;<\/p>\n","protected":false},"author":3,"featured_media":1615,"comment_status":"open","ping_status":"open","sticky":false,"template":"","format":"standard","meta":[],"categories":[4],"tags":[86,85],"jetpack_featured_media_url":"https:\/\/ospc.com.pl\/wp-content\/uploads\/2025\/03\/nsbsd.jpg","_links":{"self":[{"href":"https:\/\/ospc.com.pl\/index.php\/wp-json\/wp\/v2\/posts\/1614"}],"collection":[{"href":"https:\/\/ospc.com.pl\/index.php\/wp-json\/wp\/v2\/posts"}],"about":[{"href":"https:\/\/ospc.com.pl\/index.php\/wp-json\/wp\/v2\/types\/post"}],"author":[{"embeddable":true,"href":"https:\/\/ospc.com.pl\/index.php\/wp-json\/wp\/v2\/users\/3"}],"replies":[{"embeddable":true,"href":"https:\/\/ospc.com.pl\/index.php\/wp-json\/wp\/v2\/comments?post=1614"}],"version-history":[{"count":1,"href":"https:\/\/ospc.com.pl\/index.php\/wp-json\/wp\/v2\/posts\/1614\/revisions"}],"predecessor-version":[{"id":1616,"href":"https:\/\/ospc.com.pl\/index.php\/wp-json\/wp\/v2\/posts\/1614\/revisions\/1616"}],"wp:featuredmedia":[{"embeddable":true,"href":"https:\/\/ospc.com.pl\/index.php\/wp-json\/wp\/v2\/media\/1615"}],"wp:attachment":[{"href":"https:\/\/ospc.com.pl\/index.php\/wp-json\/wp\/v2\/media?parent=1614"}],"wp:term":[{"taxonomy":"category","embeddable":true,"href":"https:\/\/ospc.com.pl\/index.php\/wp-json\/wp\/v2\/categories?post=1614"},{"taxonomy":"post_tag","embeddable":true,"href":"https:\/\/ospc.com.pl\/index.php\/wp-json\/wp\/v2\/tags?post=1614"}],"curies":[{"name":"wp","href":"https:\/\/api.w.org\/{rel}","templated":true}]}}