{"id":1617,"date":"2025-03-18T00:38:00","date_gmt":"2025-03-17T23:38:00","guid":{"rendered":"http:\/\/ospc.com.pl\/?p=1617"},"modified":"2025-03-20T00:45:31","modified_gmt":"2025-03-19T23:45:31","slug":"mamy-srebro-w-taekwondo","status":"publish","type":"post","link":"https:\/\/ospc.com.pl\/index.php\/2025\/03\/18\/mamy-srebro-w-taekwondo\/","title":{"rendered":"Mamy srebro w taekwondo"},"content":{"rendered":"\n<p>Cz\u0119stochowa ma powody do dumy. I to te sportowe. Mo\u017ce i nie ka\u017cdy jest kibicem sztuk walki, w tym taekwondo, niemniej warto si\u0119 pochwali\u0107. Chwali si\u0119 tak\u017ce cz\u0119stochowski samorz\u0105d, kt\u00f3ry poinformowa\u0142, \u017ce 8 i 9 marca w Eindhoven odby\u0142 si\u0119 turniej Dutch Open G2, kt\u00f3ry zgromadzi\u0142 a\u017c 1300 zawodnik\u00f3w z ca\u0142ego \u015bwiata. Nie zabrak\u0142o tak\u017ce ,,naszych\u201d \u2013 Natana Kantorysi\u0144skiego i Glorii Perygi.<\/p>\n\n\n\n<p>Natan Kantorysi\u0144ski, reprezentant kadry narodowej w taekwondo w kategorii kadet \u2014 41 kg, zaprezentowa\u0142 si\u0119 znakomicie, zdobywaj\u0105c srebrny medal &#8211; czytamy. Jego droga do fina\u0142u by\u0142a pe\u0142na emocjonuj\u0105cych pojedynk\u00f3w i sportowej determinacji. W pierwszej walce pokona\u0142 reprezentanta Belgii, nast\u0119pnie w \u0107wier\u0107finale i p\u00f3\u0142finale zwyci\u0119\u017cy\u0142 nad zawodnikami z Niemiec. Dopiero w fina\u0142owej walce uleg\u0142 rywalowi z Azerbejd\u017canu, co da\u0142o mu drugie miejsce na podium.<\/p>\n\n\n\n<p>Gloria Peryga po raz pierwszy rywalizowa\u0142a w kategorii junior &#8211; dowiadujemy si\u0119 z komunikatu. Mimo dobrej walki musia\u0142a uzna\u0107 wy\u017cszo\u015b\u0107 swojej przeciwniczki, jednak jej postawa i zaanga\u017cowanie pokazuj\u0105, \u017ce to dopiero pocz\u0105tek drogi do sukces\u00f3w w tej kategorii. Zdobyte do\u015bwiadczenie na pewno zaprocentuje.<\/p>\n\n\n\n<p>Za profesjonalne przygotowanie zawodnik\u00f3w odpowiada\u0142 trener Robert Kantorysi\u0144skiego. Motorycznym przygotowaniem Natana zajmowa\u0142a si\u0119 te\u017c \u017baneta Tr\u0105bczy\u0144ska \u2013 nauczycielka i trenerka ze Szko\u0142y Podstawowej nr 7.<\/p>\n\n\n\n<p>Info i foto za: UM Cz\u0119stochowy<\/p>\n","protected":false},"excerpt":{"rendered":"<p>Cz\u0119stochowa ma powody do dumy. I to te sportowe. Mo\u017ce i nie ka\u017cdy jest kibicem sztuk walki, w tym taekwondo, niemniej warto&#8230;<\/p>\n","protected":false},"author":3,"featured_media":1618,"comment_status":"open","ping_status":"open","sticky":false,"template":"","format":"standard","meta":[],"categories":[12],"tags":[87],"jetpack_featured_media_url":"https:\/\/ospc.com.pl\/wp-content\/uploads\/2025\/03\/80970.jpg","_links":{"self":[{"href":"https:\/\/ospc.com.pl\/index.php\/wp-json\/wp\/v2\/posts\/1617"}],"collection":[{"href":"https:\/\/ospc.com.pl\/index.php\/wp-json\/wp\/v2\/posts"}],"about":[{"href":"https:\/\/ospc.com.pl\/index.php\/wp-json\/wp\/v2\/types\/post"}],"author":[{"embeddable":true,"href":"https:\/\/ospc.com.pl\/index.php\/wp-json\/wp\/v2\/users\/3"}],"replies":[{"embeddable":true,"href":"https:\/\/ospc.com.pl\/index.php\/wp-json\/wp\/v2\/comments?post=1617"}],"version-history":[{"count":1,"href":"https:\/\/ospc.com.pl\/index.php\/wp-json\/wp\/v2\/posts\/1617\/revisions"}],"predecessor-version":[{"id":1619,"href":"https:\/\/ospc.com.pl\/index.php\/wp-json\/wp\/v2\/posts\/1617\/revisions\/1619"}],"wp:featuredmedia":[{"embeddable":true,"href":"https:\/\/ospc.com.pl\/index.php\/wp-json\/wp\/v2\/media\/1618"}],"wp:attachment":[{"href":"https:\/\/ospc.com.pl\/index.php\/wp-json\/wp\/v2\/media?parent=1617"}],"wp:term":[{"taxonomy":"category","embeddable":true,"href":"https:\/\/ospc.com.pl\/index.php\/wp-json\/wp\/v2\/categories?post=1617"},{"taxonomy":"post_tag","embeddable":true,"href":"https:\/\/ospc.com.pl\/index.php\/wp-json\/wp\/v2\/tags?post=1617"}],"curies":[{"name":"wp","href":"https:\/\/api.w.org\/{rel}","templated":true}]}}