{"id":1627,"date":"2025-03-30T18:00:19","date_gmt":"2025-03-30T16:00:19","guid":{"rendered":"http:\/\/ospc.com.pl\/?p=1627"},"modified":"2025-03-30T18:00:20","modified_gmt":"2025-03-30T16:00:20","slug":"nowe-odslony-popularnych-miejsc-w-czestochowie","status":"publish","type":"post","link":"https:\/\/ospc.com.pl\/index.php\/2025\/03\/30\/nowe-odslony-popularnych-miejsc-w-czestochowie\/","title":{"rendered":"Nowe ods\u0142ony popularnych miejsc w Cz\u0119stochowie"},"content":{"rendered":"\n<p>Jak w tytule, dwa popularne w Cz\u0119stochowie miejsca zyskaj\u0105 nowe ods\u0142ony &#8211; informuje nas Urz\u0105d Miasta. Co ciekawe, cho\u0107 w tytule komunikatu widnieje Plac Rady Europy i Promenada Czes\u0142awa Niemena, w tek\u015bcie nie ma zbyt wielu szczeg\u00f3\u0142\u00f3w dotycz\u0105cych inwestycji. Cho\u0107 miasto planuje ich pe\u0142n\u0105 modernizacj\u0119, magistrat skupia si\u0119 w informacji na&#8230; w\u0119z\u0142ach przesiadkowych. Ale o w\u0119z\u0142ach w naszym mie\u015bcie warto napisa\u0107 osobny artyku\u0142&#8230; Jak wiemy, centrum przesiadkowe w Cz\u0119stochowie, kt\u00f3re znajduje si\u0119 na ulicy Pi\u0142sudskiego, \u015bwieci pustkami i niemal w og\u00f3le nie spe\u0142nia swojego zadania. <\/p>\n\n\n\n<p>\u017beby wi\u0119c nie pozosta\u0107 go\u0142os\u0142ownym i w przeciwie\u0144stwie do strony magistratu, faktycznie napisa\u0107 Wam o tym, co sygnalizuje tytu\u0142, dodamy, \u017ce Plac Rady Europy zyska now\u0105 fontann\u0119. Jak pami\u0119tamy, usuni\u0119to z niego zegar s\u0142oneczny i fontann\u0119 zainstalowan\u0105 tam wcze\u015bniej. W zamian ma powsta\u0107 nowa. <\/p>\n\n\n\n<p>Jak czytamy, zgodnie z planem  miasto chce zachowa\u0107 istniej\u0105c\u0105 pergol\u0119 obro\u015bni\u0119t\u0105 zieleni\u0105 i zastosowa\u0107 bardziej swobodn\u0105 kompozycj\u0119, z wi\u0119kszymi plamami zieleni (zar\u00f3wno niskiej, jak i wysokiej). Wa\u017cnym komponentem przestrzennym b\u0119dzie fontanna, wok\u00f3\u0142 kt\u00f3rej powsta\u0142aby \u0142awka w formie symbolu Rady Europy, czyli litery \u201ee\u201d oraz 12 wodotrysk\u00f3w i pod\u015bwietle\u0144 fontanny nawi\u0105zuj\u0105cych do 12 gwiazdek flagi europejskiej. W tej koncepcji wprowadza si\u0119 te\u017c oczywi\u015bcie dodatkowe miejsca siedz\u0105ce i inne elementy ma\u0142ej architektury, tak\u017ce te zwi\u0105zane z komunikacyjn\u0105 funkcj\u0105 placu i zach\u0119caj\u0105ce do ekologicznych form transportu miejskiego. Zasadniczym za\u0142o\u017ceniem jest m.in. wymiana nawierzchni placu (wielkoformatowe p\u0142yty betonowe), monta\u017c nowego o\u015bwietlenia i pod\u015bwietlenia iluminacyjnego, pozostawienie po\u0142\u0105czenia placu z przystankiem tramwajowym oraz ci\u0105giem pieszym schodami terenowymi oraz bezpo\u015brednimi wej\u015bciami &#8211; \u0142agodnymi pochylniami dla os\u00f3b z niepe\u0142nosprawno\u015bciami i rowerzyst\u00f3w, a tak\u017ce monta\u017c instalacji pod\u015bwietlaj\u0105cej mural oraz monitoringu.<\/p>\n\n\n\n<p>Brzmi dobrze, jak b\u0119dzie to wygl\u0105da\u0142o faktycznie? Przekonamy si\u0119. <\/p>\n\n\n\n<p>Info i foto za: UM Cz\u0119stochowy<\/p>\n","protected":false},"excerpt":{"rendered":"<p>Jak w tytule, dwa popularne w Cz\u0119stochowie miejsca zyskaj\u0105 nowe ods\u0142ony &#8211; informuje nas Urz\u0105d Miasta. Co ciekawe, cho\u0107 w tytule komunikatu&#8230;<\/p>\n","protected":false},"author":3,"featured_media":1628,"comment_status":"open","ping_status":"open","sticky":false,"template":"","format":"standard","meta":[],"categories":[4],"tags":[],"jetpack_featured_media_url":"https:\/\/ospc.com.pl\/wp-content\/uploads\/2025\/03\/81164-scaled.jpg","_links":{"self":[{"href":"https:\/\/ospc.com.pl\/index.php\/wp-json\/wp\/v2\/posts\/1627"}],"collection":[{"href":"https:\/\/ospc.com.pl\/index.php\/wp-json\/wp\/v2\/posts"}],"about":[{"href":"https:\/\/ospc.com.pl\/index.php\/wp-json\/wp\/v2\/types\/post"}],"author":[{"embeddable":true,"href":"https:\/\/ospc.com.pl\/index.php\/wp-json\/wp\/v2\/users\/3"}],"replies":[{"embeddable":true,"href":"https:\/\/ospc.com.pl\/index.php\/wp-json\/wp\/v2\/comments?post=1627"}],"version-history":[{"count":1,"href":"https:\/\/ospc.com.pl\/index.php\/wp-json\/wp\/v2\/posts\/1627\/revisions"}],"predecessor-version":[{"id":1629,"href":"https:\/\/ospc.com.pl\/index.php\/wp-json\/wp\/v2\/posts\/1627\/revisions\/1629"}],"wp:featuredmedia":[{"embeddable":true,"href":"https:\/\/ospc.com.pl\/index.php\/wp-json\/wp\/v2\/media\/1628"}],"wp:attachment":[{"href":"https:\/\/ospc.com.pl\/index.php\/wp-json\/wp\/v2\/media?parent=1627"}],"wp:term":[{"taxonomy":"category","embeddable":true,"href":"https:\/\/ospc.com.pl\/index.php\/wp-json\/wp\/v2\/categories?post=1627"},{"taxonomy":"post_tag","embeddable":true,"href":"https:\/\/ospc.com.pl\/index.php\/wp-json\/wp\/v2\/tags?post=1627"}],"curies":[{"name":"wp","href":"https:\/\/api.w.org\/{rel}","templated":true}]}}