{"id":1630,"date":"2025-03-28T18:00:00","date_gmt":"2025-03-28T17:00:00","guid":{"rendered":"http:\/\/ospc.com.pl\/?p=1630"},"modified":"2025-03-30T18:04:25","modified_gmt":"2025-03-30T16:04:25","slug":"zobacz-zacmienie-slonca-na-wlasne-oczy","status":"publish","type":"post","link":"https:\/\/ospc.com.pl\/index.php\/2025\/03\/28\/zobacz-zacmienie-slonca-na-wlasne-oczy\/","title":{"rendered":"Zobacz za\u0107mienie S\u0142o\u0144ca na w\u0142asne oczy!"},"content":{"rendered":"\n<p>Mamy nie lada gratk\u0119 dla mi\u0142o\u015bnik\u00f3w astronomii. Zapiszcie sobie t\u0119 dat\u0119, bo warto! <\/p>\n\n\n\n<p>Ju\u017c jutro na Placu Biega\u0144skiego b\u0119dzie mo\u017cna ogl\u0105da\u0107 cz\u0119\u015bciowe za\u0107mienie S\u0142o\u0144ca! W jaki spos\u00f3b? W pe\u0142ni profesjonalny! Zadba o to Polskie Towarzystwo Mi\u0142o\u015bnik\u00f3w Astronomii Oddzia\u0142 Cz\u0119stochowski im. ks. Bonawentury Metlera! <\/p>\n\n\n\n<p>W godzinach 10.00 do 14.00 b\u0119dzie mo\u017cna bezpiecznie uczestniczy\u0107 w pokazie za\u0107mienia S\u0142o\u0144ca. B\u0119d\u0105 to otwarte dla publiczno\u015bci obserwacje tak rzadkiego i fascynuj\u0105cego zjawiska. Na miejscu zastaniecie  sze\u015b\u0107 teleskop\u00f3w wyposa\u017conych w profesjonalne filtry s\u0142oneczne zapewniaj\u0105ce bezpiecze\u0144stwo uczestnik\u00f3w. W trakcie pokazu b\u0119dzie mo\u017cna zaobserwowa\u0107 cz\u0119\u015bciowe za\u0107mienie s\u0142o\u0144ca oraz plamy s\u0142oneczne.<\/p>\n\n\n\n<p>Cz\u0119stochowski Oddzia\u0142 PTMA popularyzuje wiedz\u0119 o astronomii w\u015br\u00f3d m\u0142odzie\u017cy oraz mieszka\u0144c\u00f3w wszystkich gmin dawnego wojew\u00f3dztwa. Cz\u0142onkowie oddzia\u0142u prowadz\u0105 prelekcje z astronomii oraz pokazy nieba przez teleskopy dla m\u0142odzie\u017cy w przedszkolach, szko\u0142ach podstawowych i \u015brednich oraz dla mieszka\u0144c\u00f3w gmin. W czasie prelekcji i pokaz\u00f3w wykonujemy z m\u0142odzie\u017c\u0105 do\u015bwiadczenia oraz obserwacje zwi\u0105zane z astronomi\u0105 w celu rozszerzenia i pog\u0142\u0119bienia wiedzy z astronomii w spo\u0142ecze\u0144stwie.<\/p>\n\n\n\n<p>Info za: UM Cz\u0119stochowy<\/p>\n","protected":false},"excerpt":{"rendered":"<p>Mamy nie lada gratk\u0119 dla mi\u0142o\u015bnik\u00f3w astronomii. Zapiszcie sobie t\u0119 dat\u0119, bo warto! Ju\u017c jutro na Placu Biega\u0144skiego b\u0119dzie mo\u017cna ogl\u0105da\u0107 cz\u0119\u015bciowe&#8230;<\/p>\n","protected":false},"author":3,"featured_media":1631,"comment_status":"open","ping_status":"open","sticky":false,"template":"","format":"standard","meta":[],"categories":[4],"tags":[],"jetpack_featured_media_url":"https:\/\/ospc.com.pl\/wp-content\/uploads\/2025\/03\/81179.jpg","_links":{"self":[{"href":"https:\/\/ospc.com.pl\/index.php\/wp-json\/wp\/v2\/posts\/1630"}],"collection":[{"href":"https:\/\/ospc.com.pl\/index.php\/wp-json\/wp\/v2\/posts"}],"about":[{"href":"https:\/\/ospc.com.pl\/index.php\/wp-json\/wp\/v2\/types\/post"}],"author":[{"embeddable":true,"href":"https:\/\/ospc.com.pl\/index.php\/wp-json\/wp\/v2\/users\/3"}],"replies":[{"embeddable":true,"href":"https:\/\/ospc.com.pl\/index.php\/wp-json\/wp\/v2\/comments?post=1630"}],"version-history":[{"count":1,"href":"https:\/\/ospc.com.pl\/index.php\/wp-json\/wp\/v2\/posts\/1630\/revisions"}],"predecessor-version":[{"id":1632,"href":"https:\/\/ospc.com.pl\/index.php\/wp-json\/wp\/v2\/posts\/1630\/revisions\/1632"}],"wp:featuredmedia":[{"embeddable":true,"href":"https:\/\/ospc.com.pl\/index.php\/wp-json\/wp\/v2\/media\/1631"}],"wp:attachment":[{"href":"https:\/\/ospc.com.pl\/index.php\/wp-json\/wp\/v2\/media?parent=1630"}],"wp:term":[{"taxonomy":"category","embeddable":true,"href":"https:\/\/ospc.com.pl\/index.php\/wp-json\/wp\/v2\/categories?post=1630"},{"taxonomy":"post_tag","embeddable":true,"href":"https:\/\/ospc.com.pl\/index.php\/wp-json\/wp\/v2\/tags?post=1630"}],"curies":[{"name":"wp","href":"https:\/\/api.w.org\/{rel}","templated":true}]}}