{"id":1633,"date":"2025-03-27T18:04:00","date_gmt":"2025-03-27T17:04:00","guid":{"rendered":"http:\/\/ospc.com.pl\/?p=1633"},"modified":"2025-03-30T18:13:37","modified_gmt":"2025-03-30T16:13:37","slug":"wyjrzyj-za-horyzont","status":"publish","type":"post","link":"https:\/\/ospc.com.pl\/index.php\/2025\/03\/27\/wyjrzyj-za-horyzont\/","title":{"rendered":"Wyjrzyj &#8222;Za horyzont&#8221;!"},"content":{"rendered":"\n<p>Dla ka\u017cdego, kto lubi podr\u00f3\u017cowa\u0107 i s\u0142uchac fascynuj\u0105cych opowie\u015bci mamy propozycj\u0119 &#8211; nadchodz\u0105cy weekend b\u0119dzie sta\u0142 pod znakiem podr\u00f3\u017cy! Czeka na Was dwudniowy Festiwal Podr\u00f3\u017cniczy &#8222;Za Horyzontem&#8221;.<\/p>\n\n\n\n<p>Festiwal przyj\u0105\u0142 si\u0119 w\u015br\u00f3d cz\u0119stochowian i wpisa\u0142 ju\u017c na sta\u0142e w kalendarz imprez naszego miasta. W tym roku go\u015bciem specjalnym b\u0119dzie sam Krzysztof Wielicki. M\u00f3wi\u0105, \u017ce jest jednym z najwybitniejszych himalaist\u00f3w \u015bwiata, cho\u0107 sam o sobie m\u00f3wi, \u017ce jest przede wszystkim szcz\u0119\u015bciarzem. Ten polski wspinacz, taternik, alpinista i pi\u0105ty cz\u0142owiek na \u015bwiecie, kt\u00f3ry zdoby\u0142 Koron\u0119 Himalaj\u00f3w i Karakorum jest mimo to bardzo skromny. Ale za skromno\u015bci\u0105 idzie ogrom wiedzy i mn\u00f3stwo historii. Wielkiej historii! <\/p>\n\n\n\n<p>Tradycyjnie, Cz\u0119stochowski Festiwal &#8222;Za Horyzontem&#8221; odb\u0119dzie si\u0119 w Miejskim Domu Kultury i jak co roku wst\u0119p na niego jest bezp\u0142atny.<\/p>\n\n\n\n<p>W programie nie tylko spotkanie z Krzysztofem Wielickim. Na pocz\u0105tek opowie\u015bci Mariana Kotarskiego, znanego rowerzysty, kt\u00f3ry kocha odkrywa\u0107 na nowo tereny Jury Krakowsko-Cz\u0119stochowskiej, ale nie tylko! Przypomni, \u017ce czasem pi\u0119kne miejsca s\u0105 na wyci\u0105gni\u0119cie d\u0142oni. Pojawi si\u0119 tak\u017ce J\u0119drzej J\u00f3zefowicz kt\u00f3ry opowie o Grenlandii, a szczeg\u00f3lnie o Arctic Circle Trail. Do tego jeszcze pogaw\u0119dki z Piotrem Pogonem, kt\u00f3ry zaprezentuje prelekcj\u0119 &#8222;W POGONi za \u017byciem&#8221;.<\/p>\n\n\n\n<p>Nast\u0119pnego dnia, w sobot\u0119, na scenie pojawi si\u0119 Wioletta Maroszek, kt\u00f3ra powspomina rowerow\u0105 podr\u00f3\u017c po Azji. P\u00f3\u017aniej \u0141ukasz Kornatka opowie O &#8222;Koronie Europy&#8221;, czyli niezwyk\u0142ej przygodzie zdobywania najwy\u017cszych szczyt\u00f3w Starego Kontynentu. Wisienk\u0105 na torcie b\u0119dzie spotkanie z Krzysztofem Wielickim. <\/p>\n\n\n\n<p>Warto tak\u017ce wspomnie\u0107, \u017ce w trakcie wydarzenia wr\u0119czone zostan\u0105 nagrody w Og\u00f3lnopolskim Konkursie Podr\u00f3\u017cniczym &#8222;Za Horyzontem&#8221;, a na deser mi\u0142o\u015bnicy podr\u00f3\u017cowania b\u0119d\u0105 mogli objerze\u0107 film o Bhutanie &#8222;Agent szcz\u0119\u015bcia&#8221;.<\/p>\n\n\n\n<p>Zach\u0119camy! <\/p>\n\n\n\n<p>Foto: MDK Cz\u0119stochowa<\/p>\n","protected":false},"excerpt":{"rendered":"<p>Dla ka\u017cdego, kto lubi podr\u00f3\u017cowa\u0107 i s\u0142uchac fascynuj\u0105cych opowie\u015bci mamy propozycj\u0119 &#8211; nadchodz\u0105cy weekend b\u0119dzie sta\u0142 pod znakiem podr\u00f3\u017cy! Czeka na Was&#8230;<\/p>\n","protected":false},"author":3,"featured_media":1634,"comment_status":"open","ping_status":"open","sticky":false,"template":"","format":"standard","meta":[],"categories":[4],"tags":[],"jetpack_featured_media_url":"https:\/\/ospc.com.pl\/wp-content\/uploads\/2025\/03\/81176.jpg","_links":{"self":[{"href":"https:\/\/ospc.com.pl\/index.php\/wp-json\/wp\/v2\/posts\/1633"}],"collection":[{"href":"https:\/\/ospc.com.pl\/index.php\/wp-json\/wp\/v2\/posts"}],"about":[{"href":"https:\/\/ospc.com.pl\/index.php\/wp-json\/wp\/v2\/types\/post"}],"author":[{"embeddable":true,"href":"https:\/\/ospc.com.pl\/index.php\/wp-json\/wp\/v2\/users\/3"}],"replies":[{"embeddable":true,"href":"https:\/\/ospc.com.pl\/index.php\/wp-json\/wp\/v2\/comments?post=1633"}],"version-history":[{"count":1,"href":"https:\/\/ospc.com.pl\/index.php\/wp-json\/wp\/v2\/posts\/1633\/revisions"}],"predecessor-version":[{"id":1635,"href":"https:\/\/ospc.com.pl\/index.php\/wp-json\/wp\/v2\/posts\/1633\/revisions\/1635"}],"wp:featuredmedia":[{"embeddable":true,"href":"https:\/\/ospc.com.pl\/index.php\/wp-json\/wp\/v2\/media\/1634"}],"wp:attachment":[{"href":"https:\/\/ospc.com.pl\/index.php\/wp-json\/wp\/v2\/media?parent=1633"}],"wp:term":[{"taxonomy":"category","embeddable":true,"href":"https:\/\/ospc.com.pl\/index.php\/wp-json\/wp\/v2\/categories?post=1633"},{"taxonomy":"post_tag","embeddable":true,"href":"https:\/\/ospc.com.pl\/index.php\/wp-json\/wp\/v2\/tags?post=1633"}],"curies":[{"name":"wp","href":"https:\/\/api.w.org\/{rel}","templated":true}]}}