{"id":1639,"date":"2025-03-31T00:27:00","date_gmt":"2025-03-30T22:27:00","guid":{"rendered":"http:\/\/ospc.com.pl\/?p=1639"},"modified":"2025-04-01T00:49:58","modified_gmt":"2025-03-31T22:49:58","slug":"kulturalny-rozklad-jazdy-vol-1","status":"publish","type":"post","link":"https:\/\/ospc.com.pl\/index.php\/2025\/03\/31\/kulturalny-rozklad-jazdy-vol-1\/","title":{"rendered":"Kulturalny rozk\u0142ad jazdy vol.1"},"content":{"rendered":"\n<p>Kochani cz\u0119stochowianie, cz\u0119sto s\u0142yszymy, \u017ce w naszym mie\u015bcie nic si\u0119 nie dzieje, \u017ce nie ma gdzie wyj\u015b\u0107, gdzie si\u0119 pobawi\u0107 i rozerwa\u0107. Tymczasem okazuje si\u0119, \u017ce cz\u0119sto po prostu nie wiemy, gdzie szuka\u0107. Zdarza si\u0119 te\u017c, \u017ce naprawd\u0119 ciekawe wydarzenia nie maj\u0105 odpowiedniej oprawy promocyjnej i znikaj\u0105 gdzie\u015b w kalendarzach niezauwa\u017cone, a warte zauwa\u017cenia. Dlatego, wraz z nadej\u015bciem wiosny, rozpoczynamy dla Was <strong>nowy cykl: Kulturalny Rozk\u0142ad Jazdy<\/strong>. B\u0119dziemy wrzuca\u0107 Wam przegl\u0105d wydarze\u0144 na najbli\u017csze dni, zajrzymy tak\u017ce z wizyt\u0105 do kina, teatru i filharmonii, \u017ceby sprawdzi\u0107 dla Was repertuar. Ciekawi? No to jedziemy! <\/p>\n\n\n\n<p>W najbli\u017cszych dniach cz\u0119stochowskie OKF zaprasza na filmy: &#8222;Jak zosta\u0142am perliczk\u0105&#8221;, &#8222;Symfonia o umieraniu&#8221;, &#8222;P\u0119tla&#8221; i &#8222;Queer&#8221;. 2 kwietnia wyj\u0105tkowy seans filmowy &#8222;21.37 20. rocznica \u015bmierci Jana Paw\u0142a II&#8221;. Film ten b\u0119dzie mo\u017cna zobaczy\u0107 tak\u017ce w p\u00f3\u017aniejszych dniach. <a href=\"https:\/\/okf.czest.pl\/repertuar\/repertuar-tygodniowy\/\" data-type=\"URL\" data-id=\"https:\/\/okf.czest.pl\/repertuar\/repertuar-tygodniowy\/\" target=\"_blank\" rel=\"noreferrer noopener\">Tutaj pe\u0142ny repertuar kina.<\/a> <\/p>\n\n\n\n<p>Pozostaj\u0105c w temacie film\u00f3w, w repertuarze Cinema City mamy w najbli\u017cszych dniach takie filmy jak: &#8222;Bogini Partenope&#8221;, &#8222;Bridget Jones. Szalej\u0105c za facetem&#8221;, &#8222;Dogman&#8221; i &#8222;Flow&#8221;, a tak\u017ce g\u0142o\u015bne &#8222;Nosferatu&#8221;, czy &#8222;100 dni do matury&#8221;,  w kt\u00f3rej obok aktor\u00f3w zobaczymy influencer\u00f3w. <a href=\"https:\/\/www.cinema-city.pl\/kina\/jurajska\/1089#\/buy-tickets-by-cinema?in-cinema=1089&amp;at=2025-04-02&amp;view-mode=list\" data-type=\"URL\" data-id=\"https:\/\/www.cinema-city.pl\/kina\/jurajska\/1089#\/buy-tickets-by-cinema?in-cinema=1089&amp;at=2025-04-02&amp;view-mode=list\">Tutaj pe\u0142en repertuar.<\/a> <\/p>\n\n\n\n<p>W Teatrze im. Adama Mickiewicza &#8222;Seks dla opornych&#8221;, &#8222;Urok likwidacji&#8221; czy kontrowersyjny &#8222;Bum&#8221;, gdzie Maciej P\u00f3\u0142torak wznosi si\u0119 na wy\u017cyny swojego aktorstwa. Poza tym, tak\u017ce przejmuj\u0105co pi\u0119kne &#8222;Lekcje ta\u0144ca&#8221; z Hann\u0105 Zbyryt oraz &#8222;Mewa&#8221;, kt\u00f3ra niedawno wesz\u0142a na teatralny afisz. <a href=\"https:\/\/www.teatr-mickiewicza.pl\/spektakl,repertuar#jump\" data-type=\"URL\" data-id=\"https:\/\/www.teatr-mickiewicza.pl\/spektakl,repertuar#jump\" target=\"_blank\" rel=\"noreferrer noopener\">Tu repertuar<\/a>. <\/p>\n\n\n\n<p>Zagl\u0105damy tak\u017ce do Filharmonii Cz\u0119stochowskiej im. Bronis\u0142awa Hubermana. Pocz\u0105tek miesi\u0105ca rozpocznie koncert kameralny Zofii Kulisiewicz, kt\u00f3ra oczaruje swoj\u0105 wiolonczel\u0105. Dwa dni p\u00f3\u017aniej zapraszamy na koncert przy \u015bwiecach &#8211; nastrojowe, podnios\u0142e i przenosz\u0105ce w inny wymiar spotkanie z muzyk\u0105. Tre Voci wyst\u0105pi\u0105 na deskach filharmonii dwukrotnie 6 kwietnia. uwielbiane przez publiczno\u015b\u0107 trio zaw\u0142adnie scen\u0105, to ju\u017c wiadome! <a href=\"https:\/\/www.filharmonia.com.pl\/\" data-type=\"URL\" data-id=\"https:\/\/www.filharmonia.com.pl\/\">Tu pe\u0142ny repertuar na kwiecie\u0144. <\/a><\/p>\n\n\n\n<p>Warto tak\u017ce odwiedzi\u0107 Miejsk\u0105 Galeri\u0119 Sztuki, gdzie trwaj\u0105 w\u0142a\u015bnie niesamowite wystawy, mi\u0119dzy innymi malarstwa i rysunku Justyny Warwas &#8222;Homeland&#8221;, czy Darka Pali &#8222;Ogr\u00f3d Za Domem&#8221;. Stowarzyszenie Cynamonowe wystawi\u0142o za\u015b w Galerii Zwiastun wystaw\u0119 grafiki pod has\u0142em &#8222;Natura Sztuki.&#8221; <a href=\"https:\/\/galeria.czest.pl\/aktualne-wystawy\/\" data-type=\"URL\" data-id=\"https:\/\/galeria.czest.pl\/aktualne-wystawy\/\" target=\"_blank\" rel=\"noreferrer noopener\">Tutaj wi\u0119cej informacji.<\/a> <\/p>\n\n\n\n<p>Je\u015bli macie ochot\u0119 na dawk\u0119 humoru, zapraszamy do klubu Muzyczna Meta. Tu 3 kwietnia odb\u0119dzie si\u0119 stand-up Ryszarda Mazura \u201eW\u0142oski Gruzin\u201d. <\/p>\n\n\n\n<p>Z kolei w Akademickim Centrum Kultury spektakl pod tytu\u0142em &#8222;Jutro b\u0119dzie futro&#8221; zaplanowany na 6 kwietnia. W obsadzie mi\u0119dzy innymi Tomasz O\u015bwieci\u0144ski oraz Agnieszka Kaczorowska. <\/p>\n\n\n\n<p>Je\u015bli macie ochot\u0119 na wycieszenie i spotkanie z poezj\u0105, idealn\u0105 ku temu okazj\u0105 b\u0119dzie spotkanie wok\u00f3\u0142 ksi\u0105\u017cki &#8222;Zapiski mojego przyjaciela T.R. Zaprasza Dom Poezji przy Muzeum Haliny Po\u015bwiatowskiej ju\u017c 3 kwietnia o godz. 17.00. <\/p>\n","protected":false},"excerpt":{"rendered":"<p>Kochani cz\u0119stochowianie, cz\u0119sto s\u0142yszymy, \u017ce w naszym mie\u015bcie nic si\u0119 nie dzieje, \u017ce nie ma gdzie wyj\u015b\u0107, gdzie si\u0119 pobawi\u0107 i rozerwa\u0107&#8230;.<\/p>\n","protected":false},"author":3,"featured_media":1640,"comment_status":"open","ping_status":"open","sticky":false,"template":"","format":"standard","meta":[],"categories":[4,90],"tags":[],"jetpack_featured_media_url":"https:\/\/ospc.com.pl\/wp-content\/uploads\/2025\/04\/kevin-schmid-RV6-09J3HYU-unsplash-scaled.jpg","_links":{"self":[{"href":"https:\/\/ospc.com.pl\/index.php\/wp-json\/wp\/v2\/posts\/1639"}],"collection":[{"href":"https:\/\/ospc.com.pl\/index.php\/wp-json\/wp\/v2\/posts"}],"about":[{"href":"https:\/\/ospc.com.pl\/index.php\/wp-json\/wp\/v2\/types\/post"}],"author":[{"embeddable":true,"href":"https:\/\/ospc.com.pl\/index.php\/wp-json\/wp\/v2\/users\/3"}],"replies":[{"embeddable":true,"href":"https:\/\/ospc.com.pl\/index.php\/wp-json\/wp\/v2\/comments?post=1639"}],"version-history":[{"count":1,"href":"https:\/\/ospc.com.pl\/index.php\/wp-json\/wp\/v2\/posts\/1639\/revisions"}],"predecessor-version":[{"id":1641,"href":"https:\/\/ospc.com.pl\/index.php\/wp-json\/wp\/v2\/posts\/1639\/revisions\/1641"}],"wp:featuredmedia":[{"embeddable":true,"href":"https:\/\/ospc.com.pl\/index.php\/wp-json\/wp\/v2\/media\/1640"}],"wp:attachment":[{"href":"https:\/\/ospc.com.pl\/index.php\/wp-json\/wp\/v2\/media?parent=1639"}],"wp:term":[{"taxonomy":"category","embeddable":true,"href":"https:\/\/ospc.com.pl\/index.php\/wp-json\/wp\/v2\/categories?post=1639"},{"taxonomy":"post_tag","embeddable":true,"href":"https:\/\/ospc.com.pl\/index.php\/wp-json\/wp\/v2\/tags?post=1639"}],"curies":[{"name":"wp","href":"https:\/\/api.w.org\/{rel}","templated":true}]}}