{"id":1660,"date":"2025-03-24T01:34:00","date_gmt":"2025-03-24T00:34:00","guid":{"rendered":"http:\/\/ospc.com.pl\/?p=1660"},"modified":"2025-04-04T01:38:40","modified_gmt":"2025-04-03T23:38:40","slug":"badajcie-sie","status":"publish","type":"post","link":"https:\/\/ospc.com.pl\/index.php\/2025\/03\/24\/badajcie-sie\/","title":{"rendered":"Badajcie si\u0119! :)"},"content":{"rendered":"\n<p>Wraz z pocz\u0105tkiem wiosny przychodzimy do Was z ma\u0142\u0105 przypominajk\u0105: badajcie si\u0119! \ud83d\ude42 <\/p>\n\n\n\n<p>To takie proste, a czasem takie trudne, a jednak ma wielk\u0105 moc! Profilaktyka to podstawa, bo jak wiemy -lepiej zapobiega\u0107, ni\u017c leczy\u0107! Tym bardziej, \u017ce zn\u00f3w b\u0119dzie okazja do bada\u0144. W kwietniu pojawi si\u0119 w naszym mie\u015bcie mammobus. I cho\u0107 przyje\u017cd\u017ca cyklicznie, zawsze jest kto\u015b, kto tego potrzebuje w\u0142a\u015bnie teraz. Badanie tradycyjnie b\u0119dzie bezp\u0142atne. <\/p>\n\n\n\n<p>Realizowane w ramach Programu Profilaktyki Raka Piersi badanie dedykowane jest kobietom w wieku od 45 do 74 lat, kt\u00f3re nie by\u0142y leczone z powodu raka piersi oraz:<\/p>\n\n\n\n<ul><li>nie mia\u0142y w przeci\u0105gu ostatnich 24 miesi\u0119cy zdiagnozowanej z\u0142o\u015bliwej zmiany nowotworowej w piersi,<\/li><li>co 12 miesi\u0119cy, je\u015bli zako\u0144czy\u0142y leczenie raka piersi i 5-letni proces monitorowania po zako\u0144czonym leczeniu,<\/li><li>co 12 miesi\u0119cy, je\u015bli po 5 latach od leczenia chirurgicznego raka piersi pozostaj\u0105 w trakcie uzupe\u0142niaj\u0105cej hormonoterapii.<\/li><\/ul>\n\n\n\n<p>Wy\u0142\u0105czone z programu s\u0105 kobiety obj\u0119te \u201eOpiek\u0105 nad rodzinami wysokiego, dziedzicznie uwarunkowanego ryzyka zachorowania na raka piersi lub raka jajnika\u201d lub \u201eKompleksow\u0105 opiek\u0105 onkologiczn\u0105 nad \u015bwiadczeniobiorc\u0105 z nowotworem piersi\u201d.<\/p>\n\n\n\n<p>Mobilna pracownia mammograficzna b\u0119dzie do dyspozycji Pa\u0144 przy markecie Auchan (przy ul. Focha 7\/15):<\/p>\n\n\n\n<ul><li>16 kwietnia w godzinach od 10:00 do 18:00,<\/li><li>17 kwietnia w godzinach od 8:20 do 17:00.<\/li><\/ul>\n\n\n\n<p>Organizator prosi o wcze\u015bniejsz\u0105 rejestracj\u0119 pod nr tel. 22 880 90 80 lub na stronie.<br \/>W badaniu finansowanym przez NFZ mo\u017cna wzi\u0105\u0107 udzia\u0142 niezale\u017cnie od miejsca zamieszkania i bez skierowania lekarskiego.<\/p>\n\n\n\n<p>Info i foto za: UM Cz\u0119stochowa<\/p>\n","protected":false},"excerpt":{"rendered":"<p>Wraz z pocz\u0105tkiem wiosny przychodzimy do Was z ma\u0142\u0105 przypominajk\u0105: badajcie si\u0119! \ud83d\ude42 To takie proste, a czasem takie trudne, a jednak&#8230;<\/p>\n","protected":false},"author":3,"featured_media":1661,"comment_status":"open","ping_status":"open","sticky":false,"template":"","format":"standard","meta":[],"categories":[4],"tags":[93],"jetpack_featured_media_url":"https:\/\/ospc.com.pl\/wp-content\/uploads\/2025\/04\/53478.jpg","_links":{"self":[{"href":"https:\/\/ospc.com.pl\/index.php\/wp-json\/wp\/v2\/posts\/1660"}],"collection":[{"href":"https:\/\/ospc.com.pl\/index.php\/wp-json\/wp\/v2\/posts"}],"about":[{"href":"https:\/\/ospc.com.pl\/index.php\/wp-json\/wp\/v2\/types\/post"}],"author":[{"embeddable":true,"href":"https:\/\/ospc.com.pl\/index.php\/wp-json\/wp\/v2\/users\/3"}],"replies":[{"embeddable":true,"href":"https:\/\/ospc.com.pl\/index.php\/wp-json\/wp\/v2\/comments?post=1660"}],"version-history":[{"count":1,"href":"https:\/\/ospc.com.pl\/index.php\/wp-json\/wp\/v2\/posts\/1660\/revisions"}],"predecessor-version":[{"id":1662,"href":"https:\/\/ospc.com.pl\/index.php\/wp-json\/wp\/v2\/posts\/1660\/revisions\/1662"}],"wp:featuredmedia":[{"embeddable":true,"href":"https:\/\/ospc.com.pl\/index.php\/wp-json\/wp\/v2\/media\/1661"}],"wp:attachment":[{"href":"https:\/\/ospc.com.pl\/index.php\/wp-json\/wp\/v2\/media?parent=1660"}],"wp:term":[{"taxonomy":"category","embeddable":true,"href":"https:\/\/ospc.com.pl\/index.php\/wp-json\/wp\/v2\/categories?post=1660"},{"taxonomy":"post_tag","embeddable":true,"href":"https:\/\/ospc.com.pl\/index.php\/wp-json\/wp\/v2\/tags?post=1660"}],"curies":[{"name":"wp","href":"https:\/\/api.w.org\/{rel}","templated":true}]}}