{"id":1663,"date":"2025-03-23T01:40:00","date_gmt":"2025-03-23T00:40:00","guid":{"rendered":"http:\/\/ospc.com.pl\/?p=1663"},"modified":"2025-04-04T01:44:44","modified_gmt":"2025-04-03T23:44:44","slug":"nadchodza-zmiany-w-parkowaniu-w-miescie","status":"publish","type":"post","link":"https:\/\/ospc.com.pl\/index.php\/2025\/03\/23\/nadchodza-zmiany-w-parkowaniu-w-miescie\/","title":{"rendered":"Nadchodz\u0105 zmiany w parkowaniu w mie\u015bcie"},"content":{"rendered":"\n<p>B\u0119d\u0105 zmiany w parkowaniu w mie\u015bcie. I nie wszystkim si\u0119 to spodoba&#8230; <\/p>\n\n\n\n<p>Urz\u0105d Miasta poinformowa\u0142 o zmianach &#8211;  w komunikacie Biura Prasowego Urz\u0119du Miasta czytamy, \u017ce <em>decyzj\u0105 Rady Miasta ze Strefy P\u0142atnego Parkowania w Cz\u0119stochowie od 1 lipca tego roku zostan\u0105 wyodr\u0119bnione dwie podstrefy z r\u00f3\u017cnymi taryfami op\u0142at, co m.in. ma zwi\u0119kszy\u0107 rotacj\u0119 na postojach.<\/em><\/p>\n\n\n\n<p>Jak to b\u0119dzie wygl\u0105da\u0107 w praktyce? Podstrefa A (\u015ar\u00f3dmiejska) obejmie swoim zasi\u0119giem przede wszystkim alej\u0119 Naj\u015bwi\u0119tszej Maryi Panny i cz\u0119\u015b\u0107 otoczenia Jasnej G\u00f3ry, gdzie stawki za post\u00f3j zostan\u0105 zr\u00f3\u017cnicowane. Pozosta\u0142y obszar SPP (Podstrefa B) &#8211; w efekcie tej samej uchwa\u0142y &#8211; zostanie rozszerzony i tam zasady parkowania pozostan\u0105 bez zmian.<\/p>\n\n\n\n<p>Jak informuje Miejski Zarz\u0105d Dr\u00f3g w Cz\u0119stochowie, <em>zgodnie z zapowiedziami przeprowadzono badania wskazuj\u0105ce mo\u017cliwe modyfikacje struktury strefy, kt\u00f3re wp\u0142yn\u0105 na popraw\u0119 wska\u017anik\u00f3w rotacyjnych. W wynikach tej analizy funkcjonowania SPP ustalano, \u017ce mo\u017cna wprowadzi\u0107 usprawnienia w postaci podzia\u0142u jej obszaru na dwie podstrefy (A i B). Chodzi o wyodr\u0119bnienie strefy w \u015bcis\u0142ym centrum miasta z najwi\u0119kszym deficytem miejsc parkingowych, kt\u00f3ra obejmie m.in. alej\u0119 NMP z placem Daszy\u0144skiego i ulic\u0105 Kossak-Szczuckiej oraz ulice przyleg\u0142e do otoczenia klasztoru na Jasnej G\u00f3rze: 7 Kamienic, 3 Maja i Wielu\u0144ska. W tej strefie op\u0142aty za parkowanie by\u0142yby wy\u017csze, a abonamenty postojowe (z wyj\u0105tkiem abonament\u00f3w mieszka\u0144ca SPP i os\u00f3b niepe\u0142nosprawnych) nie obowi\u0105zywa\u0142yby. Ma to na celu wymuszenie rotacji pojazd\u00f3w i udost\u0119pnienie miejsc parkingowych dla jak najwi\u0119kszej liczby kierowc\u00f3w.<br \/>Podstrefa B obj\u0119\u0142aby pozosta\u0142\u0105 cz\u0119\u015b\u0107 SPP, gdzie op\u0142aty pozosta\u0142yby na dotychczasowym poziomie, a abonamenty nadal by obowi\u0105zywa\u0142y.<\/em><\/p>\n\n\n\n<p>Jak b\u0119d\u0105 wygl\u0105da\u0107 wi\u0119c stawki? Za jednostkowe parkowanie w Podstrefie \u015ar\u00f3dmiejskiej (A) b\u0119d\u0105 o 50% wy\u017csze w por\u00f3wnaniu do cen na terenie pozosta\u0142ego obszaru Strefy P\u0142atnego Parkowania (Podstrefy B), gdzie \u2013 co warte ponownego podkre\u015blenia \u2013 nie dojdzie do \u017cadnej zmiany taryf. W Podstrefie \u015ar\u00f3dmiejskiej (A) natomiast p\u00f3\u0142godziny postoju b\u0119dzie kosztowa\u0107 3 z\u0142, a godzinne parkowanie 6 z\u0142. Aby wymusi\u0107 rotacj\u0119 pojazd\u00f3w w podstrefie A, w zaproponowanym projekcie uchwa\u0142y wykluczona zosta\u0142a mo\u017cliwo\u015b\u0107 parkowania na tym obszarze pojazd\u00f3w z zakupionymi abonamentami (z wy\u0142\u0105czeniem abonament\u00f3w postojowych mieszka\u0144ca strefy przyporz\u0105dkowanym do tego rejonu oraz abonament\u00f3w postojowych dla os\u00f3b z niepe\u0142nosprawno\u015bci\u0105). Kieruj\u0105cy w podstrefie A (\u015ar\u00f3dmiejskiej) b\u0119d\u0105 mogli wnie\u015b\u0107 (pr\u00f3cz dw\u00f3ch wymienionych wy\u017cej abonament\u00f3w) tylko op\u0142aty w parkomacie b\u0105d\u017a przy u\u017cyciu aplikacji mobilnej. Rozwi\u0105zanie to z pewno\u015bci\u0105 doprowadzi do uzyskania rotacji.<\/p>\n\n\n\n<p>W celu realizacji okre\u015blonych zamierze\u0144 konieczna jest r\u00f3wnie\u017c regulacja w postaci rozszerzenia SPP o kolejne obszary, w kt\u00f3rych niew\u0105tpliwie wyst\u0119puje deficyt wolnych miejsc postojowych. Obszary, o kt\u00f3re powi\u0119ksza si\u0119 SPP, to:<br \/>\u00b7 ul. \u015bw. Jadwigi (naprzeciw cmentarza od numeru 19 do ul. \u015bw. Rocha),<br \/>\u00b7 ul. Boya-\u017bele\u0144skiego,<br \/>\u00b7 ul. Knauera wraz z cz\u0119\u015bci\u0105 ulicy Jaskrowskiej od ul. Knauera do ul. Nadrzecznej,<br \/>\u00b7 ul. S\u0142owackiego od ul. Ogi\u0144skiego do ul. Korczaka.<\/p>\n\n\n\n<p>Czekamy zatem na Wasze reakcje &#8211; dajcie zna\u0107, co powinno si\u0119 zmieni\u0107 w naszym mie\u015bcie w kwestii parkowania!<\/p>\n\n\n\n<p>Info i foto za: UM Cz\u0119stochowa<\/p>\n","protected":false},"excerpt":{"rendered":"<p>B\u0119d\u0105 zmiany w parkowaniu w mie\u015bcie. I nie wszystkim si\u0119 to spodoba&#8230; Urz\u0105d Miasta poinformowa\u0142 o zmianach &#8211; w komunikacie Biura Prasowego&#8230;<\/p>\n","protected":false},"author":3,"featured_media":1664,"comment_status":"open","ping_status":"open","sticky":false,"template":"","format":"standard","meta":[],"categories":[4],"tags":[94],"jetpack_featured_media_url":"https:\/\/ospc.com.pl\/wp-content\/uploads\/2025\/04\/81072-scaled.jpg","_links":{"self":[{"href":"https:\/\/ospc.com.pl\/index.php\/wp-json\/wp\/v2\/posts\/1663"}],"collection":[{"href":"https:\/\/ospc.com.pl\/index.php\/wp-json\/wp\/v2\/posts"}],"about":[{"href":"https:\/\/ospc.com.pl\/index.php\/wp-json\/wp\/v2\/types\/post"}],"author":[{"embeddable":true,"href":"https:\/\/ospc.com.pl\/index.php\/wp-json\/wp\/v2\/users\/3"}],"replies":[{"embeddable":true,"href":"https:\/\/ospc.com.pl\/index.php\/wp-json\/wp\/v2\/comments?post=1663"}],"version-history":[{"count":1,"href":"https:\/\/ospc.com.pl\/index.php\/wp-json\/wp\/v2\/posts\/1663\/revisions"}],"predecessor-version":[{"id":1665,"href":"https:\/\/ospc.com.pl\/index.php\/wp-json\/wp\/v2\/posts\/1663\/revisions\/1665"}],"wp:featuredmedia":[{"embeddable":true,"href":"https:\/\/ospc.com.pl\/index.php\/wp-json\/wp\/v2\/media\/1664"}],"wp:attachment":[{"href":"https:\/\/ospc.com.pl\/index.php\/wp-json\/wp\/v2\/media?parent=1663"}],"wp:term":[{"taxonomy":"category","embeddable":true,"href":"https:\/\/ospc.com.pl\/index.php\/wp-json\/wp\/v2\/categories?post=1663"},{"taxonomy":"post_tag","embeddable":true,"href":"https:\/\/ospc.com.pl\/index.php\/wp-json\/wp\/v2\/tags?post=1663"}],"curies":[{"name":"wp","href":"https:\/\/api.w.org\/{rel}","templated":true}]}}