{"id":1666,"date":"2025-03-22T01:46:00","date_gmt":"2025-03-22T00:46:00","guid":{"rendered":"http:\/\/ospc.com.pl\/?p=1666"},"modified":"2025-04-04T01:52:43","modified_gmt":"2025-04-03T23:52:43","slug":"bedzie-zielono","status":"publish","type":"post","link":"https:\/\/ospc.com.pl\/index.php\/2025\/03\/22\/bedzie-zielono\/","title":{"rendered":"B\u0119dzie zielono!"},"content":{"rendered":"\n<p>Kto z Was nigdy nie odwiedzi\u0142 Promenady na Tysi\u0105cleciu? Pewnie nie ma takiej osoby. To ju\u017c miejsce kultowe, jedno z ulubionych w naszym mie\u015bcie. Ale opr\u00f3cz niej, jest jeszcze inny deptak w mie\u015bcie, kt\u00f3ry jaki\u015b czas temu zyska\u0142 patronk\u0119 w postaci Kory. Teraz b\u0119dzie tak\u017ce bardziej zadbany. Miasto poinformowa\u0142o, \u017ce Promenada \u015ar\u00f3dmiejska zyska nowy blask. Otwarto oferty w przetargu na kontynuacj\u0119 zagospodarowania terenu Promenady Olgi Aleksandry Sipowicz, czyli Kory w\u0142a\u015bnie.<\/p>\n\n\n\n<p>Jak ju\u017c wiadomo, miasto pochwali\u0142o si\u0119, \u017ce wp\u0142yn\u0119\u0142o ju\u017c siedem ofert. Najta\u0144sza z nich opiewa\u0142a na kwot\u0119 143,5 tys. z\u0142, a najdro\u017csza na ponad 280 tys. z\u0142otych. <\/p>\n\n\n\n<p>Wiadomo ju\u017c, \u017ce promenada b\u0119dzie bardziej uporz\u0105dkowana i zdecydowanie bardziej zielona. Wykonawca przytnie drzewa i krzewy, zmieni si\u0119 tak\u017ce nieco uk\u0142ad \u015bcie\u017cek, a miejsce zyska dodatkow\u0105 nisk\u0105 i wysok\u0105 ziele\u0144. Do tego dojdzie monta\u017c element\u00f3w ma\u0142ej architektury i wykonanie o\u015bwietlenia terenu z wykorzystaniem lamp solarnych.<\/p>\n\n\n\n<p>Cz\u0119stochowa otrzyma\u0142a na ten cel dok\u0142adnie 106 tysi\u0119cy z\u0142otych w ramach drugiej edycji konkursu &#8222;Zielona Przestrze\u0144&#8221; z inicjatywy Wojew\u00f3dzkiego Funduszu Ochrony \u015arodowiska i Gospodarki Wodnej w Katowicach, kt\u00f3ra wspiera samorz\u0105dy wojew\u00f3dztwa \u015bl\u0105skiego w tworzeniu nowych, ekologicznych teren\u00f3w zielonych.<\/p>\n\n\n\n<p>Info i foto za: UM Cz\u0119stochowa<\/p>\n","protected":false},"excerpt":{"rendered":"<p>Kto z Was nigdy nie odwiedzi\u0142 Promenady na Tysi\u0105cleciu? Pewnie nie ma takiej osoby. To ju\u017c miejsce kultowe, jedno z ulubionych w&#8230;<\/p>\n","protected":false},"author":3,"featured_media":1667,"comment_status":"open","ping_status":"open","sticky":false,"template":"","format":"standard","meta":[],"categories":[4],"tags":[],"jetpack_featured_media_url":"https:\/\/ospc.com.pl\/wp-content\/uploads\/2025\/04\/81037.jpg","_links":{"self":[{"href":"https:\/\/ospc.com.pl\/index.php\/wp-json\/wp\/v2\/posts\/1666"}],"collection":[{"href":"https:\/\/ospc.com.pl\/index.php\/wp-json\/wp\/v2\/posts"}],"about":[{"href":"https:\/\/ospc.com.pl\/index.php\/wp-json\/wp\/v2\/types\/post"}],"author":[{"embeddable":true,"href":"https:\/\/ospc.com.pl\/index.php\/wp-json\/wp\/v2\/users\/3"}],"replies":[{"embeddable":true,"href":"https:\/\/ospc.com.pl\/index.php\/wp-json\/wp\/v2\/comments?post=1666"}],"version-history":[{"count":1,"href":"https:\/\/ospc.com.pl\/index.php\/wp-json\/wp\/v2\/posts\/1666\/revisions"}],"predecessor-version":[{"id":1668,"href":"https:\/\/ospc.com.pl\/index.php\/wp-json\/wp\/v2\/posts\/1666\/revisions\/1668"}],"wp:featuredmedia":[{"embeddable":true,"href":"https:\/\/ospc.com.pl\/index.php\/wp-json\/wp\/v2\/media\/1667"}],"wp:attachment":[{"href":"https:\/\/ospc.com.pl\/index.php\/wp-json\/wp\/v2\/media?parent=1666"}],"wp:term":[{"taxonomy":"category","embeddable":true,"href":"https:\/\/ospc.com.pl\/index.php\/wp-json\/wp\/v2\/categories?post=1666"},{"taxonomy":"post_tag","embeddable":true,"href":"https:\/\/ospc.com.pl\/index.php\/wp-json\/wp\/v2\/tags?post=1666"}],"curies":[{"name":"wp","href":"https:\/\/api.w.org\/{rel}","templated":true}]}}