{"id":1675,"date":"2025-02-23T02:37:00","date_gmt":"2025-02-23T01:37:00","guid":{"rendered":"http:\/\/ospc.com.pl\/?p=1675"},"modified":"2025-04-05T02:39:33","modified_gmt":"2025-04-05T00:39:33","slug":"1675","status":"publish","type":"post","link":"https:\/\/ospc.com.pl\/index.php\/2025\/02\/23\/1675\/","title":{"rendered":""},"content":{"rendered":"\n<p>Patriotyzm jest w m\u0142odzie\u017cy wci\u0105\u017c silny. Tak wynika z inicjatywy, kt\u00f3rej podj\u0119\u0142a si\u0119 jedna z cz\u0119stochowskich szk\u00f3\u0142. 12 lutego w SP nr 41 w Cz\u0119stochowie rozstrzygni\u0119to XVIII edycj\u0119 Powiatowego Konkursu Poezji i Pie\u015bni Patriotycznej. Jak czytamy na stronie Urz\u0119du Miasta, <em>celem tegorocznej edycji konkursu by\u0142o upami\u0119tnienie 80. rocznicy rozwi\u0105zania Armii Krajowej przez gen. Leopolda Okulickiego oraz 80. rocznicy zako\u0144czenia II wojny \u015bwiatowej. By\u0142a to r\u00f3wnie\u017c okazja do upowszechniania pi\u0119kna mowy ojczystej, pog\u0142\u0119biania znajomo\u015bci polskich pie\u015bni patriotycznych i rozwijania wra\u017cliwo\u015bci artystycznej.<\/em><\/p>\n\n\n\n<p>W konkursie wzi\u0119li udzia\u0142 uczniowie z 7 cz\u0119stochowskiego szk\u00f3\u0142 podstawowych i by\u0142y to: SP 12, SP 27, SP 39, SP 41, SP 48, SP 50 i ZSP 5 oraz uczniowie ze szk\u00f3\u0142 z powiatu cz\u0119stochowskiego, myszkowskiego i k\u0142obuckiego. Swoje zdolno\u015bci zaprezentowa\u0142o w sumie 23 wykonawc\u00f3w, z czego 15 z nich wzi\u0119\u0142o udzia\u0142 w konkursie pie\u015bniarskim, a 9 w konkursie poetyckim. Wyst\u0119py uczestnik\u00f3w ocenia\u0142o jury, w kt\u00f3rego sk\u0142ad wchodzili: nauczycielka i konsultantka RODN ,,WOM\u2019\u2019 w Cz\u0119stochowie Agnieszka Grudzi\u0144ska, nauczycielka Jasnog\u00f3rskiej Publicznej Og\u00f3lnokszta\u0142c\u0105cej Szko\u0142y Muzycznej w Cz\u0119stochowie Anna Kasprzyk i pracownik Instytutu Literaturoznawstwa UJD w Cz\u0119stochowie dr Konrad Ludwicki. W wydarzeniu wzi\u0105\u0142 tak\u017ce udzia\u0142 naczelnik Wydzia\u0142u Edukacji Rafa\u0142 Piotrowski.<\/p>\n\n\n\n<p>W tym konkursie opr\u00f3cz wygranej liczy si\u0119 przede wszystkim pami\u0119\u0107 o wa\u017cnych wydarzeniach zwi\u0105zanych z histori\u0105 Polski. Dowodem tego by\u0142o zaanga\u017cowanie i ambicja z jak\u0105 uczestnicy podeszli do swoich wyst\u0119p\u00f3w &#8211; czytamy w komunikacie. <\/p>\n\n\n\n<p>Popieramy! <\/p>\n\n\n\n<p>Info i foto za: UM Cz\u0119stochowa<\/p>\n","protected":false},"excerpt":{"rendered":"<p>Patriotyzm jest w m\u0142odzie\u017cy wci\u0105\u017c silny. Tak wynika z inicjatywy, kt\u00f3rej podj\u0119\u0142a si\u0119 jedna z cz\u0119stochowskich szk\u00f3\u0142. 12 lutego w SP nr&#8230;<\/p>\n","protected":false},"author":3,"featured_media":1676,"comment_status":"open","ping_status":"open","sticky":false,"template":"","format":"standard","meta":[],"categories":[4],"tags":[],"jetpack_featured_media_url":"https:\/\/ospc.com.pl\/wp-content\/uploads\/2025\/04\/80582-scaled.jpg","_links":{"self":[{"href":"https:\/\/ospc.com.pl\/index.php\/wp-json\/wp\/v2\/posts\/1675"}],"collection":[{"href":"https:\/\/ospc.com.pl\/index.php\/wp-json\/wp\/v2\/posts"}],"about":[{"href":"https:\/\/ospc.com.pl\/index.php\/wp-json\/wp\/v2\/types\/post"}],"author":[{"embeddable":true,"href":"https:\/\/ospc.com.pl\/index.php\/wp-json\/wp\/v2\/users\/3"}],"replies":[{"embeddable":true,"href":"https:\/\/ospc.com.pl\/index.php\/wp-json\/wp\/v2\/comments?post=1675"}],"version-history":[{"count":1,"href":"https:\/\/ospc.com.pl\/index.php\/wp-json\/wp\/v2\/posts\/1675\/revisions"}],"predecessor-version":[{"id":1677,"href":"https:\/\/ospc.com.pl\/index.php\/wp-json\/wp\/v2\/posts\/1675\/revisions\/1677"}],"wp:featuredmedia":[{"embeddable":true,"href":"https:\/\/ospc.com.pl\/index.php\/wp-json\/wp\/v2\/media\/1676"}],"wp:attachment":[{"href":"https:\/\/ospc.com.pl\/index.php\/wp-json\/wp\/v2\/media?parent=1675"}],"wp:term":[{"taxonomy":"category","embeddable":true,"href":"https:\/\/ospc.com.pl\/index.php\/wp-json\/wp\/v2\/categories?post=1675"},{"taxonomy":"post_tag","embeddable":true,"href":"https:\/\/ospc.com.pl\/index.php\/wp-json\/wp\/v2\/tags?post=1675"}],"curies":[{"name":"wp","href":"https:\/\/api.w.org\/{rel}","templated":true}]}}