{"id":1685,"date":"2025-02-17T02:51:00","date_gmt":"2025-02-17T01:51:00","guid":{"rendered":"http:\/\/ospc.com.pl\/?p=1685"},"modified":"2025-04-05T02:55:26","modified_gmt":"2025-04-05T00:55:26","slug":"najpopularniejsi-w-regionie","status":"publish","type":"post","link":"https:\/\/ospc.com.pl\/index.php\/2025\/02\/17\/najpopularniejsi-w-regionie\/","title":{"rendered":"Najpopularniejsi w regionie"},"content":{"rendered":"\n<p>Przegl\u0105damy cz\u0119sto r\u00f3\u017cne regionalne portale, w tym tradycyjnie miejsk\u0105 stron\u0119 Cz\u0119stochowy i natrafiamy na r\u00f3\u017cne informacje. W\u015br\u00f3d nich s\u0105 tak\u017ce te pozytywne. Jak na przyk\u0142ad wyniki plebiscytu na najpopularniejszego sportowca, trenera i dzia\u0142acza naszego regionu w roku 2024, kt\u00f3re w\u0142a\u015bnie og\u0142oszono i to ju\u017c po raz sze\u015b\u0107dziesi\u0105ty si\u00f3dmy. <\/p>\n\n\n\n<p>Jak czytamy w relacji, <em>rozstrzygni\u0119cie plebiscytu zorganizowano 12 lutego w ,,Fabryce Rower\u00f3w\u201d przy ul. Drogowc\u00f3w. Ze strony miejskiego samorz\u0105du na uroczysto\u015b\u0107 przyszli \u2013 osobi\u015bcie powinszowa\u0107 laureatkom i laureatom \u2013 prezydent Krzysztof Matyjaszczyk oraz przewodnicz\u0105cy Rady Miasta \u0141ukasz Bana\u015b. Wojew\u00f3dztwo \u015al\u0105skie reprezentowa\u0142 jego wicemarsza\u0142ek Grzegorz Boski. Najg\u0119\u015bciej sal\u0119 zape\u0142ni\u0142y \u2013 rzecz jasna \u2013 przedstawicielki i przedstawiciele bran\u017cy sportowej \u2013 z prezesem Regionalnej Rady Polskiego Komitetu Olimpijskiego (RRPKOl) Andrzejem Szewi\u0144skim na czele. ,,Odliczyli si\u0119\u201d przyjaciele i sponsorzy naszego sportu, zawodnicy dawni i wsp\u00f3\u0142cze\u015bni, legendy, kt\u00f3re ju\u017c maj\u0105 swoje karty w leksykonach i kronikach oraz dopiero wzbijaj\u0105ce si\u0119 na sportowy firmament \u2013 tak\u017ce na torach, boiskach i ringach daleko poza Cz\u0119stochow\u0105 \u2013 m\u0142ode gwiazdy.<\/em><\/p>\n\n\n\n<p>Statuetki \u2013 podczas gali to one chyba najcz\u0119\u015bciej zmienia\u0142y swoje miejsce, w\u0119druj\u0105c jedna za drug\u0105 w r\u0119ce triumfatorek i triumfator\u00f3w plebiscytu. Przy akompaniamencie braw i gratulacji kolejno wyci\u0105ga\u0142y si\u0119 po nie d\u0142onie dzia\u0142aczy, trener\u00f3w, zawodniczek i zawodnik\u00f3w. Statuetki rozdano te\u017c w kategorii \u201eM\u0142odzie\u017cowe nadzieje cz\u0119stochowskiego sportu\u201d (zawodnicy\/zawodniczki i ich trenerzy) oraz w kategorii \u201eSport bez barier\u201d. Wyr\u00f3\u017cnienie specjalne dla zas\u0142u\u017conych dzia\u0142aczy odebra\u0142 Stanis\u0142aw S\u0105czek, b\u0119d\u0105cy od lat si\u0142\u0105 pchaj\u0105c\u0105 do przodu klub Kmicic Cz\u0119stochowa, znany z osi\u0105gni\u0119\u0107 triathlonist\u00f3w, szermierzy, pi\u0142karzy halowych czy zawodnik\u00f3w taekwondo olimpijskiego. Merentibusy \u2013 miejskie medale za zas\u0142ugi dla Cz\u0119stochowy \u2013 otrzymali Stanis\u0142aw Gmitruk oraz Janusz Danek &#8211; czytamy w komunikacie.<\/p>\n\n\n\n<p>,,Najpopularniejszym\u201d przygrywa\u0142 \u2013 i to cztery razy w ci\u0105gu wieczoru \u2013 zesp\u00f3\u0142 muzyczny Gminnego Centrum Kultury, Informacji i Rekreacji w Poczesnej.<\/p>\n\n\n\n<p><\/p>\n\n\n\n<p>Info i foto za: UM Cz\u0119stochowy<\/p>\n","protected":false},"excerpt":{"rendered":"<p>Przegl\u0105damy cz\u0119sto r\u00f3\u017cne regionalne portale, w tym tradycyjnie miejsk\u0105 stron\u0119 Cz\u0119stochowy i natrafiamy na r\u00f3\u017cne informacje. W\u015br\u00f3d nich s\u0105 tak\u017ce te pozytywne&#8230;.<\/p>\n","protected":false},"author":3,"featured_media":1686,"comment_status":"open","ping_status":"open","sticky":false,"template":"","format":"standard","meta":[],"categories":[4],"tags":[],"jetpack_featured_media_url":"https:\/\/ospc.com.pl\/wp-content\/uploads\/2025\/04\/80540-scaled.jpg","_links":{"self":[{"href":"https:\/\/ospc.com.pl\/index.php\/wp-json\/wp\/v2\/posts\/1685"}],"collection":[{"href":"https:\/\/ospc.com.pl\/index.php\/wp-json\/wp\/v2\/posts"}],"about":[{"href":"https:\/\/ospc.com.pl\/index.php\/wp-json\/wp\/v2\/types\/post"}],"author":[{"embeddable":true,"href":"https:\/\/ospc.com.pl\/index.php\/wp-json\/wp\/v2\/users\/3"}],"replies":[{"embeddable":true,"href":"https:\/\/ospc.com.pl\/index.php\/wp-json\/wp\/v2\/comments?post=1685"}],"version-history":[{"count":1,"href":"https:\/\/ospc.com.pl\/index.php\/wp-json\/wp\/v2\/posts\/1685\/revisions"}],"predecessor-version":[{"id":1687,"href":"https:\/\/ospc.com.pl\/index.php\/wp-json\/wp\/v2\/posts\/1685\/revisions\/1687"}],"wp:featuredmedia":[{"embeddable":true,"href":"https:\/\/ospc.com.pl\/index.php\/wp-json\/wp\/v2\/media\/1686"}],"wp:attachment":[{"href":"https:\/\/ospc.com.pl\/index.php\/wp-json\/wp\/v2\/media?parent=1685"}],"wp:term":[{"taxonomy":"category","embeddable":true,"href":"https:\/\/ospc.com.pl\/index.php\/wp-json\/wp\/v2\/categories?post=1685"},{"taxonomy":"post_tag","embeddable":true,"href":"https:\/\/ospc.com.pl\/index.php\/wp-json\/wp\/v2\/tags?post=1685"}],"curies":[{"name":"wp","href":"https:\/\/api.w.org\/{rel}","templated":true}]}}