{"id":1714,"date":"2025-02-12T00:41:00","date_gmt":"2025-02-11T23:41:00","guid":{"rendered":"http:\/\/ospc.com.pl\/?p=1714"},"modified":"2025-04-07T00:45:00","modified_gmt":"2025-04-06T22:45:00","slug":"uwaga-na-mroz","status":"publish","type":"post","link":"https:\/\/ospc.com.pl\/index.php\/2025\/02\/12\/uwaga-na-mroz\/","title":{"rendered":"Uwaga na mr\u00f3z"},"content":{"rendered":"\n<p>Pogoda lubi nas zaskakiwa\u0107, szczeg\u00f3lnie u progu wiosny dni cieplejsze przeplataj\u0105 si\u0119 z mrozami. W lutym zima nie powiedzia\u0142a jeszcze ostatniego s\u0142owa. Cz\u0119stochowski magistrat wychodzi wi\u0119c z edukacyjn\u0105 akcj\u0119 i ostrzega, \u017ce warto pami\u0119ta\u0107 o kilku podstawowych rzeczach przy takiej aurze \u2013 a tak\u017ce kilku numerach telefonu.<\/p>\n\n\n\n<p>W zwi\u0105zku z wydanym przez IMGW-PIB Biuro Prognoz Meteorologicznych w Krakowie ostrze\u017ceniem meteorologicznym dotycz\u0105cym wyst\u0105pienia w najbli\u017cszych dw\u00f3ch dniach zjawiska silnego mrozu (stopie\u0144 I zagro\u017cenia) &#8211; czytamy w komunikacie &#8211; m.in. na terenie naszego miasta, prezydent Cz\u0119stochowy Krzysztof Matyjaszczyk prosi mieszkanki i mieszka\u0144c\u00f3w, aby:<\/p>\n\n\n\n<ul><li>zwraca\u0107 szczeg\u00f3ln\u0105 uwag\u0119 na osoby bezdomne i osoby nietrze\u017awe przebywaj\u0105ce na mrozie,<\/li><li>zapewni\u0107 bezpiecze\u0144stwo ogrzewania dom\u00f3w\/mieszka\u0144, w tym dro\u017cno\u015b\u0107 przewod\u00f3w kominowych i wentylacyjnych,<\/li><li>nie wchodzi\u0107 na zamarzni\u0119te zbiorniki wodne (rzeki, sadzawki, stawy),<\/li><li>obowi\u0105zkowo od\u015bnie\u017ca\u0107 i usuwa\u0107 nawisy lodowe i \u015bnie\u017cne (dotyczy w\u0142a\u015bcicieli i administrator\u00f3w budynk\u00f3w).<\/li><\/ul>\n\n\n\n<p>Wa\u017cne numery telefon\u00f3w:<\/p>\n\n\n\n<p>tel. 112 \u2013 numer alarmowy<br \/>tel. 986 \u2013 Stra\u017c Miejska<br \/>tel. 34 324 38 22 \u2013 MOPS w Cz\u0119stochowie \u2013 Sekcja ds. Przeciwdzia\u0142ania Bezdomno\u015bci,<br \/>tel. 987 \u2013 wojew\u00f3dzka infolinia dotycz\u0105ca wsparcia dla os\u00f3b w kryzysie bezdomno\u015bci (dzia\u0142a do 31 marca).<\/p>\n\n\n\n<p>Info: za Wydzia\u0142em Bezpiecze\u0144stwa i Zarz\u0105dzania Kryzysowego Urz\u0119du Miasta Cz\u0119stochowy<\/p>\n","protected":false},"excerpt":{"rendered":"<p>Pogoda lubi nas zaskakiwa\u0107, szczeg\u00f3lnie u progu wiosny dni cieplejsze przeplataj\u0105 si\u0119 z mrozami. W lutym zima nie powiedzia\u0142a jeszcze ostatniego s\u0142owa&#8230;.<\/p>\n","protected":false},"author":3,"featured_media":1715,"comment_status":"open","ping_status":"open","sticky":false,"template":"","format":"standard","meta":[],"categories":[4],"tags":[],"jetpack_featured_media_url":"https:\/\/ospc.com.pl\/wp-content\/uploads\/2025\/04\/old_zima_4.jpg","_links":{"self":[{"href":"https:\/\/ospc.com.pl\/index.php\/wp-json\/wp\/v2\/posts\/1714"}],"collection":[{"href":"https:\/\/ospc.com.pl\/index.php\/wp-json\/wp\/v2\/posts"}],"about":[{"href":"https:\/\/ospc.com.pl\/index.php\/wp-json\/wp\/v2\/types\/post"}],"author":[{"embeddable":true,"href":"https:\/\/ospc.com.pl\/index.php\/wp-json\/wp\/v2\/users\/3"}],"replies":[{"embeddable":true,"href":"https:\/\/ospc.com.pl\/index.php\/wp-json\/wp\/v2\/comments?post=1714"}],"version-history":[{"count":1,"href":"https:\/\/ospc.com.pl\/index.php\/wp-json\/wp\/v2\/posts\/1714\/revisions"}],"predecessor-version":[{"id":1716,"href":"https:\/\/ospc.com.pl\/index.php\/wp-json\/wp\/v2\/posts\/1714\/revisions\/1716"}],"wp:featuredmedia":[{"embeddable":true,"href":"https:\/\/ospc.com.pl\/index.php\/wp-json\/wp\/v2\/media\/1715"}],"wp:attachment":[{"href":"https:\/\/ospc.com.pl\/index.php\/wp-json\/wp\/v2\/media?parent=1714"}],"wp:term":[{"taxonomy":"category","embeddable":true,"href":"https:\/\/ospc.com.pl\/index.php\/wp-json\/wp\/v2\/categories?post=1714"},{"taxonomy":"post_tag","embeddable":true,"href":"https:\/\/ospc.com.pl\/index.php\/wp-json\/wp\/v2\/tags?post=1714"}],"curies":[{"name":"wp","href":"https:\/\/api.w.org\/{rel}","templated":true}]}}