{"id":1717,"date":"2025-02-11T00:48:00","date_gmt":"2025-02-10T23:48:00","guid":{"rendered":"http:\/\/ospc.com.pl\/?p=1717"},"modified":"2025-04-07T00:53:34","modified_gmt":"2025-04-06T22:53:34","slug":"zmiany-w-czestochowskich-szkolach","status":"publish","type":"post","link":"https:\/\/ospc.com.pl\/index.php\/2025\/02\/11\/zmiany-w-czestochowskich-szkolach\/","title":{"rendered":"Zmiany w cz\u0119stochowskich szko\u0142ach"},"content":{"rendered":"\n<p>Nadchodz\u0105 zmiany w cz\u0119stochowskim szkolnictwie. W komunikacie Biura Prasowego cz\u0119stochowski magistrat poda\u0142 informacj\u0119, \u017ce Rada Miasta przeg\u0142osowa\u0142a zamiar reorganizacji Zespo\u0142\u00f3w Szk\u00f3\u0142 \u201ePu\u0142askiego\u201d i \u201eAndersa\u201d. Miasto b\u0119dzie te\u017c wnioskowa\u0107 o dwie nowe klasy mundurowe w \u201e\u017beromskim\u201d i \u201eKochanowskim\u201d. Radni na styczniowej sesji podj\u0119li decyzj\u0119 o zamiarze zmian w strukturze plac\u00f3wek o\u015bwiatowych wchodz\u0105cych w sk\u0142ad Zespo\u0142u Szk\u00f3\u0142 im. gen. W\u0142adys\u0142awa Andersa oraz Zespo\u0142u Szk\u00f3\u0142 Mechaniczno-Elektrycznych im. Kazimierza Pu\u0142askiego, kt\u00f3re mieszcz\u0105 si\u0119 obecnie przy ul. Targowej 29.<br \/>Uchwa\u0142y dotycz\u0105 formalnej likwidacji jednostek szkolnych, do kt\u00f3rych od d\u0142u\u017cszego czasu nie by\u0142o rekrutacji, ale efektem ma by\u0107 tak\u017ce stworzenie z dw\u00f3ch zespo\u0142\u00f3w szkolnych jednego Zespo\u0142u Szk\u00f3\u0142 nr 1, w sk\u0142ad kt\u00f3rego mia\u0142oby wej\u015b\u0107 Technikum nr 4 im. W\u0142. Andersa oraz Szko\u0142a Bran\u017cowa im. K. Pu\u0142askiego.<\/p>\n\n\n\n<p>Jak wynika z informacji, Rada Miasta przeg\u0142osowa\u0142a zamiar likwidacji szk\u00f3\u0142, do kt\u00f3rych od wielu lat nie jest prowadzony nab\u00f3r: XI Liceum Og\u00f3lnokszta\u0142c\u0105cego i Bran\u017cowej Szko\u0142y I Stopnia nr 2 wchodz\u0105cych w sk\u0142ad Zespo\u0142u Szk\u00f3\u0142 \u201eAndersa\u201d, a tak\u017ce XIV Liceum Og\u00f3lnokszta\u0142c\u0105cego oraz Szko\u0142y Policealnej nr 5 wchodz\u0105cych w sk\u0142ad ZSME \u201ePu\u0142askiego\u201d. Podj\u0119to te\u017c uchwa\u0142\u0119 o formalnej likwidacji nie funkcjonuj\u0105cej ju\u017c w praktyce od roku szkolnego 2015\/16 M\u0142odzie\u017cowej \u015awietlicy Dworcowej na dworcu PKP (zako\u0144czenie umowy najmu pomieszczenia z uwagi na brak zainteresowania ze strony uczni\u00f3w). Skuteczne przeprowadzenie procedury likwidacji tych jednostek wcze\u015bniej, mimo braku rekrutacji i zainteresowania, nie by\u0142o mo\u017cliwe z uwagi na brak zgody \u00f3wczesnego Kuratorium O\u015bwiaty.<br \/>Zamiar likwidacji dotyczy te\u017c Technikum nr 9 wchodz\u0105cego w sk\u0142ad ZSME, kt\u00f3rego uczniowie (obecnie jest ich 123) mieliby kontynuowa\u0107 nauk\u0119 od nowego roku szkolnego na dotychczasowych kierunkach w Technikum nr 4, kt\u00f3re zostanie w\u0142\u0105czone do nowego Zespo\u0142u Szk\u00f3\u0142.<\/p>\n\n\n\n<p>Jak t\u0142umaczy nam miasto, reorganizacja dotychczasowych zespo\u0142\u00f3w szk\u00f3\u0142 ma zwi\u0119kszy\u0107 efektywno\u015b\u0107 kszta\u0142cenia, poprawi\u0107 koordynacj\u0119 zarz\u0105dzania oraz zmniejszy\u0107 koszty utrzymania jednostki o ok. 600 tys. z\u0142 rocznie, co ma znaczenie wobec bardzo du\u017cych koszt\u00f3w dodatkowych, jakie miasto ponosi na edukacj\u0119. Jak wiadomo \u015brodki subwencji rz\u0105dowej na o\u015bwiat\u0119, kt\u00f3re powinny pokrywa\u0107 koszty utrzymania i wynagrodze\u0144 w szko\u0142ach od lat nie wystarczaj\u0105 nawet na nauczycielskie pensje. Kwoty, jakie Cz\u0119stochowa musi dok\u0142ada\u0107 do zada\u0144 edukacyjnych rokrocznie rosn\u0105, w 2024 r. by\u0142o to \u0142\u0105cznie ok. 253 mln z\u0142 (z czego ponad 170 mln z\u0142 tylko do zada\u0144 subwencjonowanych).<\/p>\n\n\n\n<p>Dowiedzieli\u015bmy si\u0119, \u017ce po podj\u0119ciu wspomnianych uchwa\u0142 zapowiadaj\u0105cych reorganizacj\u0119 szk\u00f3\u0142 przy Targowej w\u0142adze samorz\u0105dowe s\u0105 obowi\u0105zane uzyska\u0107 opinie \u015al\u0105skiego Kuratora O\u015bwiaty. W przypadku zgody \u2013 zmiany nast\u0105pi\u0105 od 1 wrze\u015bnia 2025 roku. <\/p>\n\n\n\n<p>Info za: UM Cz\u0119stochowa<\/p>\n","protected":false},"excerpt":{"rendered":"<p>Nadchodz\u0105 zmiany w cz\u0119stochowskim szkolnictwie. W komunikacie Biura Prasowego cz\u0119stochowski magistrat poda\u0142 informacj\u0119, \u017ce Rada Miasta przeg\u0142osowa\u0142a zamiar reorganizacji Zespo\u0142\u00f3w Szk\u00f3\u0142 \u201ePu\u0142askiego\u201d&#8230;<\/p>\n","protected":false},"author":3,"featured_media":1718,"comment_status":"open","ping_status":"open","sticky":false,"template":"","format":"standard","meta":[],"categories":[4],"tags":[],"jetpack_featured_media_url":"https:\/\/ospc.com.pl\/wp-content\/uploads\/2025\/04\/80280.jpg","_links":{"self":[{"href":"https:\/\/ospc.com.pl\/index.php\/wp-json\/wp\/v2\/posts\/1717"}],"collection":[{"href":"https:\/\/ospc.com.pl\/index.php\/wp-json\/wp\/v2\/posts"}],"about":[{"href":"https:\/\/ospc.com.pl\/index.php\/wp-json\/wp\/v2\/types\/post"}],"author":[{"embeddable":true,"href":"https:\/\/ospc.com.pl\/index.php\/wp-json\/wp\/v2\/users\/3"}],"replies":[{"embeddable":true,"href":"https:\/\/ospc.com.pl\/index.php\/wp-json\/wp\/v2\/comments?post=1717"}],"version-history":[{"count":1,"href":"https:\/\/ospc.com.pl\/index.php\/wp-json\/wp\/v2\/posts\/1717\/revisions"}],"predecessor-version":[{"id":1719,"href":"https:\/\/ospc.com.pl\/index.php\/wp-json\/wp\/v2\/posts\/1717\/revisions\/1719"}],"wp:featuredmedia":[{"embeddable":true,"href":"https:\/\/ospc.com.pl\/index.php\/wp-json\/wp\/v2\/media\/1718"}],"wp:attachment":[{"href":"https:\/\/ospc.com.pl\/index.php\/wp-json\/wp\/v2\/media?parent=1717"}],"wp:term":[{"taxonomy":"category","embeddable":true,"href":"https:\/\/ospc.com.pl\/index.php\/wp-json\/wp\/v2\/categories?post=1717"},{"taxonomy":"post_tag","embeddable":true,"href":"https:\/\/ospc.com.pl\/index.php\/wp-json\/wp\/v2\/tags?post=1717"}],"curies":[{"name":"wp","href":"https:\/\/api.w.org\/{rel}","templated":true}]}}