{"id":1728,"date":"2025-02-08T01:13:00","date_gmt":"2025-02-08T00:13:00","guid":{"rendered":"http:\/\/ospc.com.pl\/?p=1728"},"modified":"2025-04-07T01:17:59","modified_gmt":"2025-04-06T23:17:59","slug":"zapraszamy-na-wystawy","status":"publish","type":"post","link":"https:\/\/ospc.com.pl\/index.php\/2025\/02\/08\/zapraszamy-na-wystawy\/","title":{"rendered":"Zapraszamy na wystawy!"},"content":{"rendered":"\n<p>Dzi\u015b mamy dla Was kilka kulturalnych zaprosze\u0144 na wspania\u0142e wystawy, kt\u00f3re niedawno otwarto w naszym mie\u015bcie. To doskona\u0142a okazja do wyj\u015bcia z domu i spotkania ze sztuk\u0105 przez du\u017ce S. <\/p>\n\n\n\n<p>wielka wystawa prac cz\u0119stochowskiej Zach\u0119ty zach\u0119ca by j\u0105 obejrze\u0107. Obejmie malarstwo, grafik\u0119, rysunek, fotografi\u0119 i wideo. Wystarczy zajrze\u0107 do cz\u0119stochowskiej Konduktorowni, by zachwyci\u0107 si\u0119 obrazami! <\/p>\n\n\n\n<p>W Regionalnym Towarzystwie Zach\u0119ty Sztuk Pi\u0119knych w Cz\u0119stochowie trwa Regionalna Kolekcja Sztuki Wsp\u00f3\u0142czesnej. To poka\u017any zbi\u00f3r malarstwa, grafiki, rysunku, fotografii i wideo \u0142\u0105cznie 42 autorek i autor\u00f3w, z kt\u00f3rych 18 pochodzi z Cz\u0119stochowy. Kolekcja obrazuje kilka trend\u00f3w w polskiej sztuce wsp\u00f3\u0142czesnej, a zarazem eksponuje miejsce artyst\u00f3w zwi\u0105zanych z Cz\u0119stochow\u0105. Na co dzie\u0144 prace znajduj\u0105 si\u0119 w renomowanych muzeach, galeriach, ale i w prywatnych kolekcjach. Zbi\u00f3r mia\u0142 by\u0107 uzupe\u0142niany o rze\u017aby, instalacje i inne artefakty sztuki wsp\u00f3\u0142czesnej, ale w pewnym momencie zabrak\u0142o \u015brodk\u00f3w na jego poszerzanie w tym kierunku.<\/p>\n\n\n\n<p>Kolekcja powstawa\u0142a od pocz\u0105tku istnienia Towarzystwa, ju\u017c za czas\u00f3w prezesury Piotra G\u0142owackiego. Na jej stworzenie uda\u0142o si\u0119 pozyska\u0107 siedem dotacji z Narodowego Centrum Kultury oraz dwie z Wojew\u00f3dztwa \u015al\u0105skiego i Miasta Cz\u0119stochowy. Rysunek Tadeusza Kantora z cyklu \u201eLudzie wyjedzeni przez piasek\u201d \u2013 tak\u017ce nale\u017c\u0105cy do kolekcji \u2013 przekaza\u0142 cz\u0119stochowskiej Zach\u0119cie, jako Minister Kultury i Dziedzictwa Narodowego, Waldemar D\u0105browski.<\/p>\n\n\n\n<p>Tytu\u0142 ,,Znaki czasu\u201d ma nawi\u0105zywa\u0107 do okresu transformacji ostatnich trzech dekad, wyparcia realnego socjalizmu przez wolny rynek, otwarcia na \u015bwiat, dynamicznych przemian cywilizacyjnych, przyspieszonego przekazu informacji i jej nowych kana\u0142\u00f3w. W takich warunkach arty\u015bci na nowo zadawali sobie podstawowe pytania o kondycj\u0119 cz\u0142owieka, jego stosunek do otoczenia, przemian, do siebie samego. Z jednej strony tw\u00f3rca znalaz\u0142 si\u0119 w przestrzeni wolno\u015bci, eksperymentu, form z pogranicza sztuk: z drugiej \u2013 stara\u0142 si\u0119 ustosunkowa\u0107 do przesz\u0142o\u015bci, przysz\u0142o\u015bci i tera\u017aniejszo\u015bci. Prze\u0142o\u017cy\u0142o si\u0119 to na wielo\u015b\u0107 i r\u00f3\u017cnorodno\u015b\u0107 wypowiedzi \u2013 ich fragment znajdziemy w\u0142a\u015bnie na tej wystawie.<\/p>\n\n\n\n<p>Jak informuje miasto, pe\u0142na, alfabetyczna lista tw\u00f3rczy\u0144 i tw\u00f3rc\u00f3w wygl\u0105da nast\u0119puj\u0105co: Beata Bebel-Karankiewicz, Tadeusz Boruta, El\u017cbieta Chodorowska, Wojciech \u0106wiertniewicz, Adndrzej Desperak, Piotr D\u0142ubak, Andrzej Dudek-D\u00fcrer, Edward Dwurnik, Janusz Rafa\u0142 G\u0142owacki, Stefan Gierowski, \u0141ukasz Huculak, Tadeusz Kantor, W\u0142odzimierz Karankiewicz, Paulina Karpowicz, Miko\u0142aj Kasprzyk, Janusz Knorowski, \u0141ukasz Korolkiewicz, Wojciech Kubiak, W\u0142odzimierz Kulej, Jaros\u0142aw Kweclich, Sabina Lonty, Roman Lonty, Roman \u0141aciak, Jacek \u0141yd\u017cba, Lech Majewski, Dariusz Pala, Marian Panek, Jacek Pa\u0142ucha, Szymon Parafiniak, Adam Patrzyk, Wojciech Pra\u017cmowski, Agnieszka Sandomierz, Magdalena Snarska, Marek Sobczyk, Grzegorz Stacha\u0144czyk, Ma\u0142gorzata St\u0119pniak, Micha\u0142 \u015awider, Stanis\u0142aw Tabisz, Piotr Wachowski, Henryk Waniek oraz Mira \u017belechower-Aleksiun.<\/p>\n\n\n\n<p>I my przy\u0142\u0105czamy si\u0119 do tego zaproszenia! Sami tak\u017ce mamy w planach tam dotrze\u0107! Dawajcie zna\u0107, gdzie jeszcze dzieje si\u0119 co\u015b wartego wspomnienia i wypromowania! <\/p>\n\n\n\n<p>Info za: UM Cz\u0119stochowy<\/p>\n","protected":false},"excerpt":{"rendered":"<p>Dzi\u015b mamy dla Was kilka kulturalnych zaprosze\u0144 na wspania\u0142e wystawy, kt\u00f3re niedawno otwarto w naszym mie\u015bcie. To doskona\u0142a okazja do wyj\u015bcia z&#8230;<\/p>\n","protected":false},"author":3,"featured_media":1729,"comment_status":"open","ping_status":"open","sticky":false,"template":"","format":"standard","meta":[],"categories":[4],"tags":[],"jetpack_featured_media_url":"https:\/\/ospc.com.pl\/wp-content\/uploads\/2025\/04\/80342.jpg","_links":{"self":[{"href":"https:\/\/ospc.com.pl\/index.php\/wp-json\/wp\/v2\/posts\/1728"}],"collection":[{"href":"https:\/\/ospc.com.pl\/index.php\/wp-json\/wp\/v2\/posts"}],"about":[{"href":"https:\/\/ospc.com.pl\/index.php\/wp-json\/wp\/v2\/types\/post"}],"author":[{"embeddable":true,"href":"https:\/\/ospc.com.pl\/index.php\/wp-json\/wp\/v2\/users\/3"}],"replies":[{"embeddable":true,"href":"https:\/\/ospc.com.pl\/index.php\/wp-json\/wp\/v2\/comments?post=1728"}],"version-history":[{"count":1,"href":"https:\/\/ospc.com.pl\/index.php\/wp-json\/wp\/v2\/posts\/1728\/revisions"}],"predecessor-version":[{"id":1730,"href":"https:\/\/ospc.com.pl\/index.php\/wp-json\/wp\/v2\/posts\/1728\/revisions\/1730"}],"wp:featuredmedia":[{"embeddable":true,"href":"https:\/\/ospc.com.pl\/index.php\/wp-json\/wp\/v2\/media\/1729"}],"wp:attachment":[{"href":"https:\/\/ospc.com.pl\/index.php\/wp-json\/wp\/v2\/media?parent=1728"}],"wp:term":[{"taxonomy":"category","embeddable":true,"href":"https:\/\/ospc.com.pl\/index.php\/wp-json\/wp\/v2\/categories?post=1728"},{"taxonomy":"post_tag","embeddable":true,"href":"https:\/\/ospc.com.pl\/index.php\/wp-json\/wp\/v2\/tags?post=1728"}],"curies":[{"name":"wp","href":"https:\/\/api.w.org\/{rel}","templated":true}]}}