{"id":1732,"date":"2025-04-08T00:01:00","date_gmt":"2025-04-07T22:01:00","guid":{"rendered":"http:\/\/ospc.com.pl\/?p=1732"},"modified":"2025-04-07T01:27:50","modified_gmt":"2025-04-06T23:27:50","slug":"wspieraja-dzieci-nie-tylko-sensorycznie","status":"publish","type":"post","link":"https:\/\/ospc.com.pl\/index.php\/2025\/04\/08\/wspieraja-dzieci-nie-tylko-sensorycznie\/","title":{"rendered":"Wspieraj\u0105 dzieci nie tylko sensorycznie"},"content":{"rendered":"\n<p>Brawa za inicjatyw\u0119! Lubimy m\u00f3wi\u0107 o tego typu przedsi\u0119wzi\u0119ciach i je nag\u0142a\u015bnia\u0107, bo robi\u0105 dobro! W\u0142a\u015bnie rozstrzygni\u0119to wa\u017cny konkurs dla dzieci, kt\u00f3re potrzebuj\u0105 szczeg\u00f3lnego wsparcia doros\u0142ych. O co chodzi? O regionalny konkurs &#8222;Sensoryczne cyferki&#8221;, w kt\u00f3rym uczestniczy\u0142o a\u017c sze\u015b\u0107dziesi\u0105t siedem plac\u00f3wek! A to wszystko z my\u015bl\u0105 o dzieciach, kt\u00f3re potrzebuj\u0105 szczeg\u00f3lnego wsparcia edukacyjnego.<\/p>\n\n\n\n<p>Regionalny Konkurs Plastyczny \u201eSensoryczne Cyferki\u201d by\u0142 cz\u0119\u015bci\u0105 obchod\u00f3w Mi\u0119dzynarodowego Dnia Matematyki pod patronatem UNESCO. G\u0142\u00f3wny organizator konkursu \u2013 O\u015brodek Szkolno-Wychowawczy nr 5 w Cz\u0119stochowie \u2013 jest jedyn\u0105 plac\u00f3wk\u0105 specjaln\u0105 w naszym kraju, kt\u00f3ra aktywnie i oficjalnie uczestniczy w jego obchodach. To konkurs dla dzieci posiadaj\u0105cych orzeczenie o potrzebie kszta\u0142cenia specjalnego lub opini\u0119 wydan\u0105 przez poradni\u0119 psychologiczno-pedagogiczn\u0105. Prace mog\u0142y nadsy\u0142a\u0107 podopieczni przedszkoli, szk\u00f3\u0142 podstawowych, szk\u00f3\u0142 przysposabiaj\u0105cych do pracy, a tak\u017ce specjalnych o\u015brodk\u00f3w szkolno-wychowawczych, dom\u00f3w ma\u0142ego dziecka, rodzinnych dom\u00f3w dziecka czy o\u015brodk\u00f3w opieku\u0144czo-leczniczych &#8211; informuje miasto. <\/p>\n\n\n\n<p>Zadaniem uczestniczek i uczestnik\u00f3w by\u0142o wykonanie pracy plastycznej przedstawiaj\u0105cej wybran\u0105 cyfr\u0119 (0-9) w spos\u00f3b anga\u017cuj\u0105cy zmys\u0142y dotyku i wzroku \u2013 i poprzez to u\u0142atwiaj\u0105cy zapami\u0119tanie cyferki. Dopuszczalne by\u0142y wszelakie techniki plastyczne \u2013 swoich propozycji nie da\u0142o si\u0119 wi\u0119c przesy\u0142a\u0107 ,,drog\u0105 elektroniczn\u0105\u201d. Celem tego promuj\u0105cego kreatywne podej\u015bcie do nauki podstaw matematyki konkursu by\u0142 rozw\u00f3j kreatywnej inwencji dzieci oraz stymulacja ich percepcji sensorycznej &#8211; czytamy w komunikacie. <\/p>\n\n\n\n<p>Do akcji nie trzeba by\u0142o szczeg\u00f3lnie zach\u0119ca\u0107! Nap\u0142yn\u0119\u0142y a\u017c 283 prace z 67 plac\u00f3wek mieszcz\u0105cych si\u0119 na terenie 10 miejscowo\u015bci makroregionu cz\u0119stochowskiego. Jury wy\u0142oni\u0142o 15 laureatek i laureat\u00f3w.<\/p>\n\n\n\n<p>Konkurs oraz sam\u0105 uroczysto\u015b\u0107 wr\u0119czenia nagr\u00f3d Specjalny O\u015brodek Szkolno-Wychowawczy nr 5 zorganizowa\u0142 we wsp\u00f3\u0142pracy z Wydzia\u0142em Edukacji UM, Regionalnym O\u015brodkiem Kultury oraz Cz\u0119stochowskim Stowarzyszeniem Plastyk\u00f3w im. J. Dudy-Gracza. W imieniu samorz\u0105dowych w\u0142adz miasta we wr\u0119czeniu nagr\u00f3d bra\u0142 udzia\u0142 zast\u0119pca prezydenta Cz\u0119stochowy \u0141ukasz Pabi\u015b. Wojew\u00f3dztwo reprezentowa\u0142 wiceprzewodnicz\u0105cy Sejmiku \u015al\u0105skiego Stanis\u0142aw Gmitruk. Dodamy jeszcze, \u017ce patronaty nad wydarzeniem sprawowali prezydent Cz\u0119stochowy oraz rektor Politechniki Cz\u0119stochowskiej.<\/p>\n\n\n\n<p>Popieramy! <\/p>\n\n\n\n<p>Info i foto za: UM Cz\u0119stochowa<\/p>\n","protected":false},"excerpt":{"rendered":"<p>Brawa za inicjatyw\u0119! Lubimy m\u00f3wi\u0107 o tego typu przedsi\u0119wzi\u0119ciach i je nag\u0142a\u015bnia\u0107, bo robi\u0105 dobro! W\u0142a\u015bnie rozstrzygni\u0119to wa\u017cny konkurs dla dzieci, kt\u00f3re&#8230;<\/p>\n","protected":false},"author":3,"featured_media":1733,"comment_status":"open","ping_status":"open","sticky":false,"template":"","format":"standard","meta":[],"categories":[4],"tags":[],"jetpack_featured_media_url":"https:\/\/ospc.com.pl\/wp-content\/uploads\/2025\/04\/81325.jpg","_links":{"self":[{"href":"https:\/\/ospc.com.pl\/index.php\/wp-json\/wp\/v2\/posts\/1732"}],"collection":[{"href":"https:\/\/ospc.com.pl\/index.php\/wp-json\/wp\/v2\/posts"}],"about":[{"href":"https:\/\/ospc.com.pl\/index.php\/wp-json\/wp\/v2\/types\/post"}],"author":[{"embeddable":true,"href":"https:\/\/ospc.com.pl\/index.php\/wp-json\/wp\/v2\/users\/3"}],"replies":[{"embeddable":true,"href":"https:\/\/ospc.com.pl\/index.php\/wp-json\/wp\/v2\/comments?post=1732"}],"version-history":[{"count":1,"href":"https:\/\/ospc.com.pl\/index.php\/wp-json\/wp\/v2\/posts\/1732\/revisions"}],"predecessor-version":[{"id":1734,"href":"https:\/\/ospc.com.pl\/index.php\/wp-json\/wp\/v2\/posts\/1732\/revisions\/1734"}],"wp:featuredmedia":[{"embeddable":true,"href":"https:\/\/ospc.com.pl\/index.php\/wp-json\/wp\/v2\/media\/1733"}],"wp:attachment":[{"href":"https:\/\/ospc.com.pl\/index.php\/wp-json\/wp\/v2\/media?parent=1732"}],"wp:term":[{"taxonomy":"category","embeddable":true,"href":"https:\/\/ospc.com.pl\/index.php\/wp-json\/wp\/v2\/categories?post=1732"},{"taxonomy":"post_tag","embeddable":true,"href":"https:\/\/ospc.com.pl\/index.php\/wp-json\/wp\/v2\/tags?post=1732"}],"curies":[{"name":"wp","href":"https:\/\/api.w.org\/{rel}","templated":true}]}}