{"id":1735,"date":"2025-01-27T01:47:00","date_gmt":"2025-01-27T00:47:00","guid":{"rendered":"http:\/\/ospc.com.pl\/?p=1735"},"modified":"2025-04-07T01:53:21","modified_gmt":"2025-04-06T23:53:21","slug":"adaptuja-teren-do-dzialan","status":"publish","type":"post","link":"https:\/\/ospc.com.pl\/index.php\/2025\/01\/27\/adaptuja-teren-do-dzialan\/","title":{"rendered":"Adaptuj\u0105 teren do dzia\u0142a\u0144"},"content":{"rendered":"\n<p>Jak poinformowa\u0142o miasto, radni zdecydowali, \u017ce przyj\u0119ty w 2019 roku &#8222;Plan adaptacji Miasta Cz\u0119stochowy do zmian klimatu do roku 2030&#8221; wzbogaci si\u0119 o Suplement, kt\u00f3ry uwzgl\u0119dnia dwie planowane inwestycje b\u0119d\u0105ce na razie na etapie koncepcji &#8211; plac Biega\u0144skiego i Dolina Warty. Dokument poszerza zapisy Planu w zakresie nowych dzia\u0142a\u0144 adaptacyjnych i mo\u017cliwo\u015bci finansowania tych zada\u0144 z dodatkowych \u017ar\u00f3de\u0142 europejskich (programy: Fundusze Europejskie na Infrastruktur\u0119, Klimat i \u015arodowisko 2021-2027 FENIKS i Fundusze Europejskie dla \u015al\u0105skiego 2021-2027). Do dzia\u0142a\u0144 &#8211; maj\u0105cych na celu przystosowanie Miasta do zmian klimatu, zmniejszenie jego podatno\u015bci na zjawiska ekstremalne oraz zwi\u0119kszenie potencja\u0142u do radzenia sobie ze skutkami tych zjawisk i ich pochodnych &#8211; dodano rewitalizacj\u0119 placu W\u0142adys\u0142awa Biega\u0144skiego (lata 2026-2029) oraz zagospodarowanie obszaru Doliny Warty (2025-2029) &#8211; czytamy w komunikacie. <\/p>\n\n\n\n<p>Pierwsza inwestycja obejmie odbetonowanie oraz zazielenienie Placu wraz z wdro\u017ceniem rozwi\u0105za\u0144 zwi\u0105zanych z zagospodarowaniem w\u00f3d opadowych. W ramach dzia\u0142a\u0144 zak\u0142ada si\u0119:<\/p>\n\n\n\n<ul><li>likwidacj\u0119 drogi technicznej przed Ratuszem wraz z miejscami postojowymi oraz zmian\u0105 organizacji ruchu wok\u00f3\u0142 placu;<\/li><li>wprowadzenie nowej zieleni w postaci donic\/ziele\u0144c\u00f3w\/drzew zlokalizowanych w p\u00f3\u0142nocnej i po\u0142udniowej cz\u0119\u015bci placu;<\/li><li>powi\u0119kszenie skweru w pobli\u017cu ko\u015bcio\u0142a \u015bw. Jakuba, kt\u00f3ry ma stworzy\u0107 zacienione miejsce spotka\u0144 i rekreacji mieszka\u0144c\u00f3w w\u015br\u00f3d istniej\u0105cych drzew, nadaj\u0105c temu fragmentowi placu charakter g\u0142\u00f3wnie wypoczynkowy;<\/li><li>budow\u0119 dw\u00f3ch fontann b\u0119d\u0105cych przed\u0142u\u017ceniem szpaleru drzew w Alei NMP;<\/li><li>umieszczenie wok\u00f3\u0142 placu, wzd\u0142u\u017c ul. \u015al\u0105skiej i ul. Kili\u0144skiego oraz ul. D\u0105browskiego i ul. Nowowiejskiego mniejszych donic z<br \/>elementami oddzielaj\u0105cymi przestrze\u0144 placu i u\u017cytkownik\u00f3w od komunikacji ko\u0142owej;<\/li><li>odtworzenie historycznej zieleni tak\u017ce po stronie po\u0142udniowej przed Ratuszem.<\/li><\/ul>\n\n\n\n<p>Info i foto za: UM Cz\u0119stochowa<\/p>\n","protected":false},"excerpt":{"rendered":"<p>Jak poinformowa\u0142o miasto, radni zdecydowali, \u017ce przyj\u0119ty w 2019 roku &#8222;Plan adaptacji Miasta Cz\u0119stochowy do zmian klimatu do roku 2030&#8221; wzbogaci si\u0119&#8230;<\/p>\n","protected":false},"author":3,"featured_media":1736,"comment_status":"open","ping_status":"open","sticky":false,"template":"","format":"standard","meta":[],"categories":[4],"tags":[],"jetpack_featured_media_url":"https:\/\/ospc.com.pl\/wp-content\/uploads\/2025\/04\/80201.jpg","_links":{"self":[{"href":"https:\/\/ospc.com.pl\/index.php\/wp-json\/wp\/v2\/posts\/1735"}],"collection":[{"href":"https:\/\/ospc.com.pl\/index.php\/wp-json\/wp\/v2\/posts"}],"about":[{"href":"https:\/\/ospc.com.pl\/index.php\/wp-json\/wp\/v2\/types\/post"}],"author":[{"embeddable":true,"href":"https:\/\/ospc.com.pl\/index.php\/wp-json\/wp\/v2\/users\/3"}],"replies":[{"embeddable":true,"href":"https:\/\/ospc.com.pl\/index.php\/wp-json\/wp\/v2\/comments?post=1735"}],"version-history":[{"count":1,"href":"https:\/\/ospc.com.pl\/index.php\/wp-json\/wp\/v2\/posts\/1735\/revisions"}],"predecessor-version":[{"id":1737,"href":"https:\/\/ospc.com.pl\/index.php\/wp-json\/wp\/v2\/posts\/1735\/revisions\/1737"}],"wp:featuredmedia":[{"embeddable":true,"href":"https:\/\/ospc.com.pl\/index.php\/wp-json\/wp\/v2\/media\/1736"}],"wp:attachment":[{"href":"https:\/\/ospc.com.pl\/index.php\/wp-json\/wp\/v2\/media?parent=1735"}],"wp:term":[{"taxonomy":"category","embeddable":true,"href":"https:\/\/ospc.com.pl\/index.php\/wp-json\/wp\/v2\/categories?post=1735"},{"taxonomy":"post_tag","embeddable":true,"href":"https:\/\/ospc.com.pl\/index.php\/wp-json\/wp\/v2\/tags?post=1735"}],"curies":[{"name":"wp","href":"https:\/\/api.w.org\/{rel}","templated":true}]}}