{"id":1773,"date":"2024-12-23T01:58:00","date_gmt":"2024-12-23T00:58:00","guid":{"rendered":"http:\/\/ospc.com.pl\/?p=1773"},"modified":"2025-04-11T01:59:51","modified_gmt":"2025-04-10T23:59:51","slug":"pomagaj-osobom-niepelnosprawnym-trwa-nabor","status":"publish","type":"post","link":"https:\/\/ospc.com.pl\/index.php\/2024\/12\/23\/pomagaj-osobom-niepelnosprawnym-trwa-nabor\/","title":{"rendered":"Pomagaj osobom niepe\u0142nosprawnym &#8211; trwa nab\u00f3r"},"content":{"rendered":"\n<p>Miasto poinformowa\u0142o, \u017ce w\u0142a\u015bnie og\u0142oszono ponowny nab\u00f3r kandydat\u00f3w do Wojew\u00f3dzkiej Spo\u0142ecznej Rady do Spraw Os\u00f3b Niepe\u0142nosprawnych dzia\u0142aj\u0105cej przy Marsza\u0142ku Wojew\u00f3dztwa \u015al\u0105skiego. Kandydat\u00f3w mo\u017cna zg\u0142asza\u0107 do 31 grudnia br.<\/p>\n\n\n\n<p>Rada sk\u0142ada si\u0119 z 7 os\u00f3b powo\u0142ywanych spo\u015br\u00f3d przedstawicieli organizacji pozarz\u0105dowych dzia\u0142aj\u0105cych na terenie wojew\u00f3dztwa, przedstawicieli jednostek samorz\u0105du terytorialnego (gmin i powiat\u00f3w) oraz przedstawiciela wojewody. Jej kadencja trwa 4 lata.<\/p>\n\n\n\n<p>Celem rady jest:<br \/>\u2022 inspirowanie przedsi\u0119wzi\u0119\u0107 zmierzaj\u0105cych do:<\/p>\n\n\n\n<ul><li>integracji zawodowej i spo\u0142ecznej os\u00f3b z niepe\u0142nosprawno\u015bciami,<\/li><li>realizacji praw os\u00f3b z niepe\u0142nosprawno\u015bciami,<br \/>\u2022 opiniowanie wojew\u00f3dzkich program\u00f3w dzia\u0142a\u0144 na rzecz os\u00f3b z niepe\u0142nosprawno\u015bciami,<br \/>\u2022 ocena realizacji program\u00f3w,<br \/>\u2022 opiniowanie projekt\u00f3w uchwa\u0142 przyjmowanych przez sejmik wojew\u00f3dztwa pod k\u0105tem ich skutk\u00f3w dla os\u00f3b z niepe\u0142nosprawno\u015bciami.<\/li><li>Zapraszamy organizacje pozarz\u0105dowe, instytucje oraz osoby aktywne i zaanga\u017cowane w dzia\u0142alno\u015b\u0107 na rzecz os\u00f3b z niepe\u0142nosprawno\u015bciami do zg\u0142aszania swoich kandydat\u00f3w. Mo\u017cna ich zg\u0142asza\u0107 do ko\u0144ca roku &#8211; informuje Urz\u0105d Marsza\u0142kowskie Wojew\u00f3dztwa \u015al\u0105skiego.<br \/><\/li><\/ul>\n\n\n\n<p>Info za: UM Cz\u0119stochowa<\/p>\n","protected":false},"excerpt":{"rendered":"<p>Miasto poinformowa\u0142o, \u017ce w\u0142a\u015bnie og\u0142oszono ponowny nab\u00f3r kandydat\u00f3w do Wojew\u00f3dzkiej Spo\u0142ecznej Rady do Spraw Os\u00f3b Niepe\u0142nosprawnych dzia\u0142aj\u0105cej przy Marsza\u0142ku Wojew\u00f3dztwa \u015al\u0105skiego. Kandydat\u00f3w&#8230;<\/p>\n","protected":false},"author":3,"featured_media":1774,"comment_status":"open","ping_status":"open","sticky":false,"template":"","format":"standard","meta":[],"categories":[4],"tags":[],"jetpack_featured_media_url":"https:\/\/ospc.com.pl\/wp-content\/uploads\/2025\/04\/79787.jpg","_links":{"self":[{"href":"https:\/\/ospc.com.pl\/index.php\/wp-json\/wp\/v2\/posts\/1773"}],"collection":[{"href":"https:\/\/ospc.com.pl\/index.php\/wp-json\/wp\/v2\/posts"}],"about":[{"href":"https:\/\/ospc.com.pl\/index.php\/wp-json\/wp\/v2\/types\/post"}],"author":[{"embeddable":true,"href":"https:\/\/ospc.com.pl\/index.php\/wp-json\/wp\/v2\/users\/3"}],"replies":[{"embeddable":true,"href":"https:\/\/ospc.com.pl\/index.php\/wp-json\/wp\/v2\/comments?post=1773"}],"version-history":[{"count":1,"href":"https:\/\/ospc.com.pl\/index.php\/wp-json\/wp\/v2\/posts\/1773\/revisions"}],"predecessor-version":[{"id":1775,"href":"https:\/\/ospc.com.pl\/index.php\/wp-json\/wp\/v2\/posts\/1773\/revisions\/1775"}],"wp:featuredmedia":[{"embeddable":true,"href":"https:\/\/ospc.com.pl\/index.php\/wp-json\/wp\/v2\/media\/1774"}],"wp:attachment":[{"href":"https:\/\/ospc.com.pl\/index.php\/wp-json\/wp\/v2\/media?parent=1773"}],"wp:term":[{"taxonomy":"category","embeddable":true,"href":"https:\/\/ospc.com.pl\/index.php\/wp-json\/wp\/v2\/categories?post=1773"},{"taxonomy":"post_tag","embeddable":true,"href":"https:\/\/ospc.com.pl\/index.php\/wp-json\/wp\/v2\/tags?post=1773"}],"curies":[{"name":"wp","href":"https:\/\/api.w.org\/{rel}","templated":true}]}}