{"id":1779,"date":"2024-12-16T02:02:00","date_gmt":"2024-12-16T01:02:00","guid":{"rendered":"http:\/\/ospc.com.pl\/?p=1779"},"modified":"2025-04-11T02:04:30","modified_gmt":"2025-04-11T00:04:30","slug":"czy-czestochowa-jest-zyczliwa","status":"publish","type":"post","link":"https:\/\/ospc.com.pl\/index.php\/2024\/12\/16\/czy-czestochowa-jest-zyczliwa\/","title":{"rendered":"Czy Cz\u0119stochowa jest \u017cyczliwa?"},"content":{"rendered":"\n<p>Lubimy takie inicjatywy i apelujemy by \u017cyczliwo\u015bci\u0105 dzieli\u0107 si\u0119 na co dzie\u0144, nie tylko od \u015bwi\u0119ta. Cho\u0107 dzi\u015b o projekcie, w kt\u00f3rym to w\u0142a\u015bnie nasza serdeczno\u015b\u0107 stanowi\u0142a motyw przewodni. To 2. edycja szkolnego projektu miejskiego ,,\u017byczliwa Cz\u0119stochowa\u2019\u2019. W tym roku motywem przewodnim by\u0142a si\u0142a p\u0142yn\u0105ca z rodziny.<\/p>\n\n\n\n<p>\u201eRodzina to si\u0142a &#8211; szanujmy wsp\u00f3lne chwile, tw\u00f3rzmy mocne wi\u0119zi\u2019\u2019 \u2013 pod takim has\u0142em odby\u0142a si\u0119 tegoroczna edycja programu. Do projektu w\u0142\u0105czy\u0142o si\u0119 szerokie grono plac\u00f3wek z Cz\u0119stochowy, \u0142\u0105cznie 18 szk\u00f3\u0142 podstawowych. Uczniowie klas I-III i IV-VIII od 13 do 22 listopada uczestniczyli w zadaniach przygotowanych z my\u015bl\u0105 o kszta\u0142towaniu postaw tolerancji i wzajemnej \u017cyczliwo\u015bci &#8211; przeprowadzono cztery konkursy: konkurs techniczny ,,Moje drzewo genealogiczne. Moja historia\u201d, konkurs plastyczny ,,W rodzinie si\u0142a\u201d, konkurs fotograficzny ,,Rodzina w kadrze\u201d oraz konkurs recytatorski ,,Mi\u0119dzy pokoleniami\u2026 s\u0142owa o rodzinie\u201d.<\/p>\n\n\n\n<p>Wyb\u00f3r daty nie by\u0142 przypadkowy, akcja trwa\u0142a w czasie obchod\u00f3w Mi\u0119dzynarodowego Dnia Tolerancji oraz \u015awiatowego Dnia \u017byczliwo\u015bci i Pozdrowie\u0144.<\/p>\n\n\n\n<p>Szko\u0142y bior\u0105ce udzia\u0142 w wydarzeniu mia\u0142y za zadanie zrealizowa\u0107 minimum cztery z zaproponowanych zada\u0144: rodzinne zaj\u0119cia sportowe lub warsztaty kreatywne, rodzinne historie moje dzieci\u0144stwo i m\u0142odo\u015b\u0107, lekcja wychowawcza ,,Szacunek mi\u0119dzy pokoleniami\u201d, zakodowani i wiele innych. Dzia\u0142ania w pe\u0142ni anga\u017cowa\u0142y uczni\u00f3w, pracownik\u00f3w oraz rodzic\u00f3w i przybli\u017cy\u0142y im sylwetk\u0119 osoby tolerancyjnej i \u017cyczliwej, zach\u0119ca\u0142y do mi\u0142ych gest\u00f3w.<\/p>\n\n\n\n<p>Podczas akademii podsumowuj\u0105cej projekt nagrodzono uczestnik\u00f3w konkurs\u00f3w oraz wr\u0119czono podzi\u0119kowania koordynatorom szk\u00f3\u0142 w\u0142\u0105czaj\u0105cych si\u0119 w ide\u0119 inicjatywy.<\/p>\n\n\n\n<p>Organizatorem by\u0142a Szko\u0142a Podstawowa nr 2 im. Krzysztofa Kamila Baczy\u0144skiego w Cz\u0119stochowie.<\/p>\n\n\n\n<p>Info za: UM Cz\u0119stochowa na podstawie informacji i zdj\u0119\u0107 Wydzia\u0142u Edukacji UM<\/p>\n","protected":false},"excerpt":{"rendered":"<p>Lubimy takie inicjatywy i apelujemy by \u017cyczliwo\u015bci\u0105 dzieli\u0107 si\u0119 na co dzie\u0144, nie tylko od \u015bwi\u0119ta. Cho\u0107 dzi\u015b o projekcie, w kt\u00f3rym&#8230;<\/p>\n","protected":false},"author":3,"featured_media":1780,"comment_status":"open","ping_status":"open","sticky":false,"template":"","format":"standard","meta":[],"categories":[4],"tags":[],"jetpack_featured_media_url":"https:\/\/ospc.com.pl\/wp-content\/uploads\/2025\/04\/79747.jpg","_links":{"self":[{"href":"https:\/\/ospc.com.pl\/index.php\/wp-json\/wp\/v2\/posts\/1779"}],"collection":[{"href":"https:\/\/ospc.com.pl\/index.php\/wp-json\/wp\/v2\/posts"}],"about":[{"href":"https:\/\/ospc.com.pl\/index.php\/wp-json\/wp\/v2\/types\/post"}],"author":[{"embeddable":true,"href":"https:\/\/ospc.com.pl\/index.php\/wp-json\/wp\/v2\/users\/3"}],"replies":[{"embeddable":true,"href":"https:\/\/ospc.com.pl\/index.php\/wp-json\/wp\/v2\/comments?post=1779"}],"version-history":[{"count":1,"href":"https:\/\/ospc.com.pl\/index.php\/wp-json\/wp\/v2\/posts\/1779\/revisions"}],"predecessor-version":[{"id":1781,"href":"https:\/\/ospc.com.pl\/index.php\/wp-json\/wp\/v2\/posts\/1779\/revisions\/1781"}],"wp:featuredmedia":[{"embeddable":true,"href":"https:\/\/ospc.com.pl\/index.php\/wp-json\/wp\/v2\/media\/1780"}],"wp:attachment":[{"href":"https:\/\/ospc.com.pl\/index.php\/wp-json\/wp\/v2\/media?parent=1779"}],"wp:term":[{"taxonomy":"category","embeddable":true,"href":"https:\/\/ospc.com.pl\/index.php\/wp-json\/wp\/v2\/categories?post=1779"},{"taxonomy":"post_tag","embeddable":true,"href":"https:\/\/ospc.com.pl\/index.php\/wp-json\/wp\/v2\/tags?post=1779"}],"curies":[{"name":"wp","href":"https:\/\/api.w.org\/{rel}","templated":true}]}}