{"id":1792,"date":"2024-12-19T02:21:00","date_gmt":"2024-12-19T01:21:00","guid":{"rendered":"http:\/\/ospc.com.pl\/?p=1792"},"modified":"2025-04-11T02:23:10","modified_gmt":"2025-04-11T00:23:10","slug":"niebezpieczne-odpady-wywiezione","status":"publish","type":"post","link":"https:\/\/ospc.com.pl\/index.php\/2024\/12\/19\/niebezpieczne-odpady-wywiezione\/","title":{"rendered":"Niebezpieczne odpady wywiezione"},"content":{"rendered":"\n<p>D\u0142ugo trwa\u0142o zanim spraw\u0119 rozstrzygni\u0119to, ale w ko\u0144cu si\u0119 uda\u0142o. Niebezpieczne odpady z Filomat\u00f3w w ko\u0144cu wywieziono. Jak czytamy na stronie Urz\u0119du Miasta, <em>t\u0119 bardzo dobr\u0105 informacj\u0119 przekaza\u0142 na dzisiejszej konferencji prezydent Cz\u0119stochowy Krzysztof Matyjaszczyk, dodaj\u0105c, \u017ce odpady usuni\u0119to znacz\u0105co przed czasem.<\/em> <em>W hali wynaj\u0119tej przez prywatne firmy przy ulicy Filomat\u00f3w 28 nie ma ju\u017c niebezpiecznych odpad\u00f3w, kt\u00f3re mog\u0142y zagra\u017ca\u0107 \u015brodowisku \u2013 og\u0142osi\u0142 prezydent.<\/em><\/p>\n\n\n\n<p>Cz\u0119stochowie na ten cel uda\u0142o si\u0119 uzyska\u0107 refundacj\u0119 cz\u0119\u015bci tego zadania \u2013 z Narodowego i Wojew\u00f3dzkiego Funduszu Ochrony \u015arodowiska i Gospodarki Wodnej w \u0142\u0105cznej wysoko\u015bci do 55% koszt\u00f3w.<\/p>\n\n\n\n<ul><li>Reszt\u0119 miasto pokry\u0142o ze \u015brodk\u00f3w w\u0142asnych, cho\u0107 to dzia\u0142alno\u015b\u0107 mafii odpadowej doprowadzi\u0142a kilka lat temu do przewiezienia i pozostawienia odpad\u00f3w w dzier\u017cawionej przez prywatn\u0105 firm\u0119 poprzemys\u0142owej hali. Za czas\u00f3w poprzedniej w\u0142adzy samorz\u0105dom poprzez zmian\u0119 prawa wrzucono na plecy problem sk\u0142adowanych nielegalnie odpad\u00f3w, w tym niebezpiecznych, obliguj\u0105c je do zast\u0119pczego ich sprz\u0105tni\u0119cia w przypadku braku mo\u017cliwo\u015bci wyegzekwowania tego od os\u00f3b lub firm odpowiedzialnych za przest\u0119pczy proceder. Nie zapewniono jednak stosownych centralnych \u015brodk\u00f3w na ten cel. Cz\u0119stochowie jako jednemu z nielicznych dotychczas samorz\u0105d\u00f3w uda\u0142o si\u0119 uzyska\u0107 mo\u017cliwo\u015b\u0107 refundacji, poniewa\u017c mia\u0142a dobrze przygotowany wniosek, gdy pojawi\u0142 si\u0119 program NFO\u015a, z jakiego mo\u017cna by\u0142o skorzysta\u0107 \u2013 wyja\u015bnia\u0142 Krzysztof Matyjaszczyk.<\/li><li>Dzi\u0119ki temu, a tak\u017ce w\u0142a\u015bciwie przeprowadzonej procedurze przetargowej, dobremu nadzorowi nad zadaniem i sprawnemu, odpowiedzialnemu wykonawcy &#8211; byli\u015bmy w stanie pozby\u0107 si\u0119 problemu najwi\u0119kszego sk\u0142adowiska niebezpiecznych odpad\u00f3w w mie\u015bcie, w lokalizacji obok ruchliwej trasy i stosunkowo blisko osiedli mieszkaniowych. Wa\u017cne te\u017c, \u017ce prawid\u0142owo\u015b\u0107 realizacji ca\u0142ej akcji by\u0142a sprawdzana zar\u00f3wno przez s\u0142u\u017cby, jak i NFO\u015aiGW \u2013 dodawa\u0142a Edyta Soboniak, kierowniczka Referatu Odpad\u00f3w Komunalnych i Przemys\u0142owych Wydzia\u0142u Ochrony \u015arodowiska UM.<\/li><\/ul>\n\n\n\n<p>Wy\u0142onione w miejskim przetargu konsorcjum firm Mo-Bruk i Raf-Ekologia, z kt\u00f3rym na pocz\u0105tku tego roku podpisana zosta\u0142a umowa, zrealizowa\u0142o t\u0119 akcj\u0119 znacz\u0105co przed czasem i Miasto b\u0119dzie mog\u0142o ca\u0142o\u015bciowo rozliczy\u0107 projekt w I kwartale 2025 r., gdzie umowa wykonawcza przewidywa\u0142a, \u017ce proces wywozu i utylizacji zako\u0144czy si\u0119 do ko\u0144ca przysz\u0142ego roku.<br \/>Odpad\u00f3w na szcz\u0119\u015bcie okaza\u0142o si\u0119 mniej, ni\u017c pierwotnie szacowano, tak\u017ce dlatego, \u017ce cz\u0119\u015b\u0107 beczek i pojemnik\u00f3w okaza\u0142o si\u0119 wype\u0142nionych tylko w cz\u0119\u015bci. W sumie z Filomat\u00f3w znikn\u0119\u0142o 2 tys. 525 ton i 420 kg niebezpiecznych odpad\u00f3w.<\/p>\n\n\n\n<p>Dzi\u0119ki temu koszt ca\u0142ego projektu zamknie si\u0119 kwot\u0105 15,5 mln z\u0142, z czego 8,4 mln z\u0142 ma podlega\u0107 wspomnianej refundacji z Narodowego i Wojew\u00f3dzkiego Funduszu Ochrony \u015arodowiska. Kwota po przetargu wynosi\u0142a 35,6 mln z\u0142 brutto, natomiast umowa by\u0142a tak skonstruowana, \u017ce wykonawca otrzymywa\u0142 zap\u0142at\u0119 za ilo\u015b\u0107 rzeczywi\u015bcie wywiezionych, a nast\u0119pnie zutylizowanych w specjalistycznych instalacjach odpad\u00f3w.<\/p>\n\n\n\n<p>Info i foto za: UM Cz\u0119stochowa<\/p>\n","protected":false},"excerpt":{"rendered":"<p>D\u0142ugo trwa\u0142o zanim spraw\u0119 rozstrzygni\u0119to, ale w ko\u0144cu si\u0119 uda\u0142o. Niebezpieczne odpady z Filomat\u00f3w w ko\u0144cu wywieziono. Jak czytamy na stronie Urz\u0119du&#8230;<\/p>\n","protected":false},"author":3,"featured_media":1793,"comment_status":"open","ping_status":"open","sticky":false,"template":"","format":"standard","meta":[],"categories":[4],"tags":[],"jetpack_featured_media_url":"https:\/\/ospc.com.pl\/wp-content\/uploads\/2025\/04\/79642.jpg","_links":{"self":[{"href":"https:\/\/ospc.com.pl\/index.php\/wp-json\/wp\/v2\/posts\/1792"}],"collection":[{"href":"https:\/\/ospc.com.pl\/index.php\/wp-json\/wp\/v2\/posts"}],"about":[{"href":"https:\/\/ospc.com.pl\/index.php\/wp-json\/wp\/v2\/types\/post"}],"author":[{"embeddable":true,"href":"https:\/\/ospc.com.pl\/index.php\/wp-json\/wp\/v2\/users\/3"}],"replies":[{"embeddable":true,"href":"https:\/\/ospc.com.pl\/index.php\/wp-json\/wp\/v2\/comments?post=1792"}],"version-history":[{"count":1,"href":"https:\/\/ospc.com.pl\/index.php\/wp-json\/wp\/v2\/posts\/1792\/revisions"}],"predecessor-version":[{"id":1794,"href":"https:\/\/ospc.com.pl\/index.php\/wp-json\/wp\/v2\/posts\/1792\/revisions\/1794"}],"wp:featuredmedia":[{"embeddable":true,"href":"https:\/\/ospc.com.pl\/index.php\/wp-json\/wp\/v2\/media\/1793"}],"wp:attachment":[{"href":"https:\/\/ospc.com.pl\/index.php\/wp-json\/wp\/v2\/media?parent=1792"}],"wp:term":[{"taxonomy":"category","embeddable":true,"href":"https:\/\/ospc.com.pl\/index.php\/wp-json\/wp\/v2\/categories?post=1792"},{"taxonomy":"post_tag","embeddable":true,"href":"https:\/\/ospc.com.pl\/index.php\/wp-json\/wp\/v2\/tags?post=1792"}],"curies":[{"name":"wp","href":"https:\/\/api.w.org\/{rel}","templated":true}]}}