{"id":1806,"date":"2025-04-21T00:11:00","date_gmt":"2025-04-20T22:11:00","guid":{"rendered":"http:\/\/ospc.com.pl\/?p=1806"},"modified":"2025-04-28T00:16:12","modified_gmt":"2025-04-27T22:16:12","slug":"nikt-nie-zostal-glodny","status":"publish","type":"post","link":"https:\/\/ospc.com.pl\/index.php\/2025\/04\/21\/nikt-nie-zostal-glodny\/","title":{"rendered":"Nikt nie zosta\u0142 g\u0142odny"},"content":{"rendered":"\n<p>To czas, kiedy nikt nie powinien by\u0107 sam &#8211; us\u0142yszeli\u015bmy podczas wielkanocnego \u015bniadania, jakie zorganizowa\u0142a Fundacja Adullam. Ponad czterysta os\u00f3b przewin\u0119\u0142o si\u0119 tego dnia przez specjalnie stworzon\u0105 na ten cel sto\u0142\u00f3wk\u0119. Dzi\u015b Fundacja dzi\u0119kuje za wsparcie i pomoc darczy\u0144com, kt\u00f3rzy pomogli w zorganizowaniu wydarzenia. To pokaza\u0142o, \u017ce takie wydarzenia s\u0105 bardzo potrzebne, ale tak\u017ce, \u017ce r\u0105k do pomocy nie brakuje.<\/p>\n\n\n\n<p><br \/>&#8222;\u015aniadanie Wielkanocne jest wsp\u00f3lnym dzie\u0142em Partnerstwa na rzecz Aktywno\u015bci Lokalnej \u201eStare Miasto \u2013 Nowe \u017bycie\u201d. Jego cz\u0142onkowie niczym stara gwardia ruszyli zgodnie do pracy&#8221; &#8211; czytamy w relacji po wydarzeniu. W akcji brali udzia\u0142 mi\u0119dzy innymi wWolontariusze ze stowarzyszenia Agape, z Masy Krytycznej, Adullam, inicjatywy Dzia\u0142amy Pomagamy, a nawet mieszka\u0144cy Starego Miasta. Wsp\u00f3lnie ustawiali sto\u0142y i krzes\u0142a w sali gimnastycznej Zespo\u0142u Szk\u00f3\u0142 Elektryczno-Mechanicznych. Ogromne kwiaty do ubrania okien wystrzyga\u0142y z kolorowego papieru i lepi\u0142y dzieci z Miejskich Przedszkoli nr 17 i 21 oraz ze \u015bwietlicy \u017bycie poza Szko\u0142\u0105. Plastusiowe Przedszkole oraz Szko\u0142y Podstawowe nr 12 i 35 stworzy\u0142y tyle kartek z \u017cyczeniami, barankami, kurczakami, kr\u00f3likami oraz pisankami, \u017ce wystarczy\u0142o ich do ustawienia przy ka\u017cdym nakryciu.<\/p>\n\n\n\n<p>Takim sposobem przy \u015bwi\u0105tecznym stole znalaz\u0142 miejsce ka\u017cdy, kto tego potrzebowa\u0142. Dzi\u0119ki temu nikt nie zosta\u0142 g\u0142odny i nie by\u0142 sam. <\/p>\n\n\n\n<p>Info i zdj\u0119cia: Fundacja Adullam\/Facebook<\/p>\n","protected":false},"excerpt":{"rendered":"<p>To czas, kiedy nikt nie powinien by\u0107 sam &#8211; us\u0142yszeli\u015bmy podczas wielkanocnego \u015bniadania, jakie zorganizowa\u0142a Fundacja Adullam. Ponad czterysta os\u00f3b przewin\u0119\u0142o si\u0119&#8230;<\/p>\n","protected":false},"author":3,"featured_media":1807,"comment_status":"open","ping_status":"open","sticky":false,"template":"","format":"standard","meta":[],"categories":[4],"tags":[],"jetpack_featured_media_url":"https:\/\/ospc.com.pl\/wp-content\/uploads\/2025\/04\/salatka16-1536x1024-1.jpg","_links":{"self":[{"href":"https:\/\/ospc.com.pl\/index.php\/wp-json\/wp\/v2\/posts\/1806"}],"collection":[{"href":"https:\/\/ospc.com.pl\/index.php\/wp-json\/wp\/v2\/posts"}],"about":[{"href":"https:\/\/ospc.com.pl\/index.php\/wp-json\/wp\/v2\/types\/post"}],"author":[{"embeddable":true,"href":"https:\/\/ospc.com.pl\/index.php\/wp-json\/wp\/v2\/users\/3"}],"replies":[{"embeddable":true,"href":"https:\/\/ospc.com.pl\/index.php\/wp-json\/wp\/v2\/comments?post=1806"}],"version-history":[{"count":1,"href":"https:\/\/ospc.com.pl\/index.php\/wp-json\/wp\/v2\/posts\/1806\/revisions"}],"predecessor-version":[{"id":1808,"href":"https:\/\/ospc.com.pl\/index.php\/wp-json\/wp\/v2\/posts\/1806\/revisions\/1808"}],"wp:featuredmedia":[{"embeddable":true,"href":"https:\/\/ospc.com.pl\/index.php\/wp-json\/wp\/v2\/media\/1807"}],"wp:attachment":[{"href":"https:\/\/ospc.com.pl\/index.php\/wp-json\/wp\/v2\/media?parent=1806"}],"wp:term":[{"taxonomy":"category","embeddable":true,"href":"https:\/\/ospc.com.pl\/index.php\/wp-json\/wp\/v2\/categories?post=1806"},{"taxonomy":"post_tag","embeddable":true,"href":"https:\/\/ospc.com.pl\/index.php\/wp-json\/wp\/v2\/tags?post=1806"}],"curies":[{"name":"wp","href":"https:\/\/api.w.org\/{rel}","templated":true}]}}