{"id":1812,"date":"2025-04-22T00:41:00","date_gmt":"2025-04-21T22:41:00","guid":{"rendered":"http:\/\/ospc.com.pl\/?p=1812"},"modified":"2025-04-28T00:57:28","modified_gmt":"2025-04-27T22:57:28","slug":"dzieki-niemu-wstalismy-z-kanapy","status":"publish","type":"post","link":"https:\/\/ospc.com.pl\/index.php\/2025\/04\/22\/dzieki-niemu-wstalismy-z-kanapy\/","title":{"rendered":"Dzi\u0119ki niemu wstali\u015bmy z kanapy&#8230;"},"content":{"rendered":"\n<p>Kiedy\u015b nawo\u0142ywa\u0142, by wsta\u0107 z kanapy i zacz\u0105\u0107 \u017cy\u0107, dzia\u0142a\u0107. M\u0142odzie\u017c pobudza\u0142 do robienia pozytywnego rabanu, a ubogim k\u0142ania\u0142 si\u0119 i pada\u0142 do st\u00f3p. Zamiast luksusowych limuzyn wybiera\u0142 starego Golfa albo&#8230; metro. Na spotkanie z pielgrzymami na krakowskich b\u0142oniach przyjecha\u0142 tramwajem. W Cz\u0119stochowie tak\u017ce pozostawi\u0142 po sobie co\u015b wa\u017cnego&#8230; <\/p>\n\n\n\n<p>Papie\u017c Franciszek odszed\u0142. To wiadomo\u015b\u0107, w kt\u00f3r\u0105 nie dowierzali\u015bmy, gdy po raz pierwszy pojawi\u0142a si\u0119 w mediach. I nie chcemy w ni\u0105 wierzy\u0107 do dzi\u015b. Papie\u017c Franciszek pokaza\u0142 nam, \u017ce mo\u017cna inaczej, bli\u017cej, pro\u015bciej. By\u0142 w swojej prostocie przekazu jednocze\u015bnie subtelny i mocny. Mia\u0142 w sobie skromno\u015b\u0107, ale i ogromn\u0105 odwag\u0119. Mia\u0142 tak\u017ce inn\u0105 perspektyw\u0119, ni\u017c wielu w stolicy piotrowej. \u015awiat pokocha\u0142 go za to, jakim by\u0142. I jakim zostanie zapami\u0119tanym. <\/p>\n\n\n\n<p>Jasna G\u00f3ra przy\u0142\u0105cza si\u0119 do wspomnienia Papie\u017ca Franciszka. Ka\u017cda msza \u015bwi\u0119ta i ka\u017cda modlitwa odmawiana jest teraz w jego intencji. Ojcowie paulini duchowo \u0142\u0105cz\u0105 si\u0119 ze stolic\u0105 apostolsk\u0105. W\u0142a\u015bnie tu, na Jasnej G\u00f3rze, papie\u017c pojawi\u0142 si\u0119  podczas swojej pielgrzymki do Polski. Odwiedzi\u0142 tak\u017ce Cz\u0119stochow\u0119. Z opowiada\u0144 ojc\u00f3w paulin\u00f3w wynika, \u017ce bardzo d\u0142ugo modli\u0142 si\u0119 przy obrazie Matki Bo\u017cej. Tam te\u017c pozosta\u0142 po sobie papiesk\u0105 r\u00f3\u017c\u0119. Ale pozostawi\u0142 o wiele wi\u0119cej. <\/p>\n\n\n\n<p>Napisa\u0142 wiele adhortacji, encyklik, refleksji, przemy\u015ble\u0144. Jego s\u0142owa cytowane s\u0105 dzi\u015b i b\u0119d\u0105 cytowane jutro. Jako dziecko w\u0142oskich imigrant\u00f3w, wychowany w Argentynie, wydawa\u0142 si\u0119 by\u0107 nieco oderwany od \u015bwiata papieskiego, nie by\u0142 szytym na miar\u0119 kap\u0142anem. W\u0142a\u015bnie za to tak go pokochano. <\/p>\n\n\n\n<p>Kocha\u0142 pi\u0142k\u0119 no\u017cn\u0105, a w m\u0142odo\u015bci para\u0142 si\u0119 r\u00f3\u017cnych zaj\u0119\u0107, mi\u0119dzy innymi by\u0142 ochroniarzem w jednym z klub\u00f3w nocnych. Nazywa\u0142 si\u0119 Jorge Mario Bergoglio. Jego pontyfikat trwa\u0142 niespe\u0142na trzyna\u015bcie lat. Papie\u017cem wybrany zosta\u0142 13 marca 2013 podczas drugiego dnia konklawe, zwo\u0142anego po rezygnacji papie\u017ca Benedykta XVI, w pi\u0105tym g\u0142osowaniu zosta\u0142 wybrany biskupem Rzymu \u2013 266. papie\u017cem. <\/p>\n\n\n\n<p>Widzia\u0142 wiele, czu\u0142 wiele i dawa\u0142 wiele. Przede wszystkim blisko\u015b\u0107. Ka\u017cdy, kto mia\u0142 mo\u017cliwo\u015b\u0107 zetkn\u0105\u0107 si\u0119 z nim cho\u0107 na chwil\u0119, podkre\u015bla\u0142 to samo &#8211; Franciszek skraca\u0142 dystans. Chcia\u0142 by\u0107 blisko. Swoj\u0105 otwarto\u015bci\u0105 zjednywa\u0142 ka\u017cdego. I b\u0119dzie blisko ka\u017cdego dnia. <\/p>\n","protected":false},"excerpt":{"rendered":"<p>Kiedy\u015b nawo\u0142ywa\u0142, by wsta\u0107 z kanapy i zacz\u0105\u0107 \u017cy\u0107, dzia\u0142a\u0107. M\u0142odzie\u017c pobudza\u0142 do robienia pozytywnego rabanu, a ubogim k\u0142ania\u0142 si\u0119 i pada\u0142&#8230;<\/p>\n","protected":false},"author":3,"featured_media":1813,"comment_status":"open","ping_status":"open","sticky":false,"template":"","format":"standard","meta":[],"categories":[102],"tags":[],"jetpack_featured_media_url":"https:\/\/ospc.com.pl\/wp-content\/uploads\/2025\/04\/Pope_Francis_Korea_net23.jpg","_links":{"self":[{"href":"https:\/\/ospc.com.pl\/index.php\/wp-json\/wp\/v2\/posts\/1812"}],"collection":[{"href":"https:\/\/ospc.com.pl\/index.php\/wp-json\/wp\/v2\/posts"}],"about":[{"href":"https:\/\/ospc.com.pl\/index.php\/wp-json\/wp\/v2\/types\/post"}],"author":[{"embeddable":true,"href":"https:\/\/ospc.com.pl\/index.php\/wp-json\/wp\/v2\/users\/3"}],"replies":[{"embeddable":true,"href":"https:\/\/ospc.com.pl\/index.php\/wp-json\/wp\/v2\/comments?post=1812"}],"version-history":[{"count":1,"href":"https:\/\/ospc.com.pl\/index.php\/wp-json\/wp\/v2\/posts\/1812\/revisions"}],"predecessor-version":[{"id":1814,"href":"https:\/\/ospc.com.pl\/index.php\/wp-json\/wp\/v2\/posts\/1812\/revisions\/1814"}],"wp:featuredmedia":[{"embeddable":true,"href":"https:\/\/ospc.com.pl\/index.php\/wp-json\/wp\/v2\/media\/1813"}],"wp:attachment":[{"href":"https:\/\/ospc.com.pl\/index.php\/wp-json\/wp\/v2\/media?parent=1812"}],"wp:term":[{"taxonomy":"category","embeddable":true,"href":"https:\/\/ospc.com.pl\/index.php\/wp-json\/wp\/v2\/categories?post=1812"},{"taxonomy":"post_tag","embeddable":true,"href":"https:\/\/ospc.com.pl\/index.php\/wp-json\/wp\/v2\/tags?post=1812"}],"curies":[{"name":"wp","href":"https:\/\/api.w.org\/{rel}","templated":true}]}}