{"id":1815,"date":"2025-04-27T01:02:00","date_gmt":"2025-04-26T23:02:00","guid":{"rendered":"http:\/\/ospc.com.pl\/?p=1815"},"modified":"2025-04-28T01:18:06","modified_gmt":"2025-04-27T23:18:06","slug":"tysiace-jednosladow-na-jasnej-gorze","status":"publish","type":"post","link":"https:\/\/ospc.com.pl\/index.php\/2025\/04\/27\/tysiace-jednosladow-na-jasnej-gorze\/","title":{"rendered":"Tysi\u0105ce jedno\u015blad\u00f3w na Jasnej G\u00f3rze"},"content":{"rendered":"\n<p>Po rozpadzie motocyklowej grupy entuzjast\u00f3w i podzieleniu ich na dwie odr\u0119bne, Jasna G\u00f3ra prze\u017cywa motocyklowe obl\u0119\u017cenie dwa razy w roku. Dla mi\u0142o\u015bnik\u00f3w motocykli to dwie szanse na podziwianie maszyn. Dla pielgrzym\u00f3w dwa razy wi\u0119cej okazji do wizyty w Cz\u0119stochowie, z kt\u00f3rej ch\u0119tnie korzystaj\u0105. Na b\u0142oniach jasnog\u00f3rskich zn\u00f3w pojawi\u0142o si\u0119 tysi\u0105ce motocyklist\u00f3w z ca\u0142ej Polski. To ju\u017c 22. Motocyklowy Zlot Gwia\u017adzisty im. ks. U\u0142ana Zdzis\u0142awa Peszkowskiego i tzw. Rajd Katy\u0144ski. <\/p>\n\n\n\n<p>Jak co roku, motocykli\u015bci prosili o b\u0142ogos\u0142awie\u0144stwo Bo\u017ce i modlili si\u0119 o bezpieczny sezon. w rozpoczynaj\u0105cym si\u0119 nowym sezonie motocyklowym. Tradycyjnie te\u017c, g\u0142\u00f3wnym punktem pielgrzymki by\u0142a Msza \u015bw. celebrowana na b\u0142oniach jasnog\u00f3rskich. Przewodniczy\u0142 jej biskup Tadeusz Pikus. Podczas uroczysto\u015bci po\u015bwi\u0119cono tak\u017ce maszyny.  Msza \u015bwi\u0119ta by\u0142a po\u0142\u0105czona z Aktem Zawierzenia Maryi wszystkich uczestnik\u00f3w Zlotu i po\u015bwieceniem motocykli. Co wa\u017cne, zjazd rozpocz\u0105\u0142 si\u0119 w sobot\u0119 okoliczno\u015bciowym spotkaniem patriotyczno-religijnym i modlitw\u0105 apelow\u0105. Podczas pielgrzymki motocykli\u015bci przeprowadzali te\u017c kwest\u0119 na rzecz Polak\u00f3w mieszkaj\u0105cych na Kresach. Dzi\u0119ki ich inicjatywie powstaj\u0105 tam polskie szko\u0142y, biblioteki, ko\u015bcio\u0142y \u2013 trwa pami\u0119\u0107. <\/p>\n\n\n\n<p>Na b\u0142oniach jasnog\u00f3rskich tradycyjnie zarycza\u0142y silniki, a motocykli\u015bci wsp\u00f3lnie modlili si\u0119 i dzi\u0119kowali za kolejny rok na motocyklowych \u015bcie\u017ckach. \u017byczymy szerokiej drogi i bezpiecznych podr\u00f3\u017cy!<\/p>\n\n\n\n<p>Foto\/info: Jasna G\u00f3ra BP<\/p>\n","protected":false},"excerpt":{"rendered":"<p>Po rozpadzie motocyklowej grupy entuzjast\u00f3w i podzieleniu ich na dwie odr\u0119bne, Jasna G\u00f3ra prze\u017cywa motocyklowe obl\u0119\u017cenie dwa razy w roku. Dla mi\u0142o\u015bnik\u00f3w&#8230;<\/p>\n","protected":false},"author":3,"featured_media":1816,"comment_status":"open","ping_status":"open","sticky":false,"template":"","format":"standard","meta":[],"categories":[102],"tags":[],"jetpack_featured_media_url":"https:\/\/ospc.com.pl\/wp-content\/uploads\/2025\/04\/98a7ea42350020d06eb62b7e426b79a2.jpg","_links":{"self":[{"href":"https:\/\/ospc.com.pl\/index.php\/wp-json\/wp\/v2\/posts\/1815"}],"collection":[{"href":"https:\/\/ospc.com.pl\/index.php\/wp-json\/wp\/v2\/posts"}],"about":[{"href":"https:\/\/ospc.com.pl\/index.php\/wp-json\/wp\/v2\/types\/post"}],"author":[{"embeddable":true,"href":"https:\/\/ospc.com.pl\/index.php\/wp-json\/wp\/v2\/users\/3"}],"replies":[{"embeddable":true,"href":"https:\/\/ospc.com.pl\/index.php\/wp-json\/wp\/v2\/comments?post=1815"}],"version-history":[{"count":1,"href":"https:\/\/ospc.com.pl\/index.php\/wp-json\/wp\/v2\/posts\/1815\/revisions"}],"predecessor-version":[{"id":1817,"href":"https:\/\/ospc.com.pl\/index.php\/wp-json\/wp\/v2\/posts\/1815\/revisions\/1817"}],"wp:featuredmedia":[{"embeddable":true,"href":"https:\/\/ospc.com.pl\/index.php\/wp-json\/wp\/v2\/media\/1816"}],"wp:attachment":[{"href":"https:\/\/ospc.com.pl\/index.php\/wp-json\/wp\/v2\/media?parent=1815"}],"wp:term":[{"taxonomy":"category","embeddable":true,"href":"https:\/\/ospc.com.pl\/index.php\/wp-json\/wp\/v2\/categories?post=1815"},{"taxonomy":"post_tag","embeddable":true,"href":"https:\/\/ospc.com.pl\/index.php\/wp-json\/wp\/v2\/tags?post=1815"}],"curies":[{"name":"wp","href":"https:\/\/api.w.org\/{rel}","templated":true}]}}